{"id":874,"date":"2026-01-11T16:37:32","date_gmt":"2026-01-11T15:37:32","guid":{"rendered":"https:\/\/kks-minden.de\/?p=874"},"modified":"2026-01-11T22:04:12","modified_gmt":"2026-01-11T21:04:12","slug":"wichtige-infos-zum-schulunterricht-am-montag-12-01-2026","status":"publish","type":"post","link":"https:\/\/kks-minden.de\/?p=874","title":{"rendered":"Wichtige Infos zum Schulunterricht am Montag, 12.01.2026"},"content":{"rendered":"\n<p>Liebe Sch\u00fclerinnen und Sch\u00fcler, liebe Erziehungsberechtigte!<\/p>\n\n\n\n<p>Das Schulministerium hat, aufgrund der erwarteten Wetterbedingungen f\u00fcr morgen, Montag, 12. Januar 2026, festgelegt, dass kein Unterricht in Pr\u00e4senz stattfindet.<\/p>\n\n\n\n<p>Die Sch\u00fclerinnen und Sch\u00fcler der K\u00e4the-Kollwitz-Realschule werden daher morgen in den Distanzunterricht gehen. \u00dcber IServ\u00a0werden Aufgaben geschickt, die zu bearbeiten und in der n\u00e4chsten Fachstunde abzugeben sind.<\/p>\n\n\n\n<p>Wenn Sie keine Nachricht \u00fcber die Homepage erhalten, findet am Dienstag der Unterricht wieder laut Plan statt.<\/p>\n\n\n\n<p>Mit den besten Gr\u00fc\u00dfen<\/p>\n\n\n\n<p>G. Bednar (komm. SL)<\/p>\n","protected":false},"excerpt":{"rendered":"<p>Liebe Sch\u00fclerinnen und Sch\u00fcler, liebe Erziehungsberechtigte! Das Schulministerium hat, aufgrund der erwarteten Wetterbedingungen f\u00fcr morgen, Montag, 12. Januar 2026, festgelegt, dass kein Unterricht in Pr\u00e4senz stattfindet. Die Sch\u00fclerinnen und Sch\u00fcler der K\u00e4the-Kollwitz-Realschule werden daher morgen in den Distanzunterricht gehen. \u00dcber IServ\u00a0werden Aufgaben geschickt, die zu bearbeiten und in der n\u00e4chsten Fachstunde abzugeben sind. Wenn Sie<span class=\"continue-reading\"> <a href=\"https:\/\/kks-minden.de\/?p=874\">[&#8230;]weiter lesen &raquo;<\/a><\/span><\/p>\n","protected":false},"author":4,"featured_media":318,"comment_status":"closed","ping_status":"closed","sticky":false,"template":"","format":"standard","meta":{"ngg_post_thumbnail":0},"categories":[1],"tags":[],"jetpack_featured_media_url":"https:\/\/kks-minden.de\/wp-content\/uploads\/2021\/03\/pexels-photo-5849597.jpeg","_links":{"self":[{"href":"https:\/\/kks-minden.de\/index.php?rest_route=\/wp\/v2\/posts\/874"}],"collection":[{"href":"https:\/\/kks-minden.de\/index.php?rest_route=\/wp\/v2\/posts"}],"about":[{"href":"https:\/\/kks-minden.de\/index.php?rest_route=\/wp\/v2\/types\/post"}],"author":[{"embeddable":true,"href":"https:\/\/kks-minden.de\/index.php?rest_route=\/wp\/v2\/users\/4"}],"replies":[{"embeddable":true,"href":"https:\/\/kks-minden.de\/index.php?rest_route=%2Fwp%2Fv2%2Fcomments&post=874"}],"version-history":[{"count":3,"href":"https:\/\/kks-minden.de\/index.php?rest_route=\/wp\/v2\/posts\/874\/revisions"}],"predecessor-version":[{"id":877,"href":"https:\/\/kks-minden.de\/index.php?rest_route=\/wp\/v2\/posts\/874\/revisions\/877"}],"wp:featuredmedia":[{"embeddable":true,"href":"https:\/\/kks-minden.de\/index.php?rest_route=\/wp\/v2\/media\/318"}],"wp:attachment":[{"href":"https:\/\/kks-minden.de\/index.php?rest_route=%2Fwp%2Fv2%2Fmedia&parent=874"}],"wp:term":[{"taxonomy":"category","embeddable":true,"href":"https:\/\/kks-minden.de\/index.php?rest_route=%2Fwp%2Fv2%2Fcategories&post=874"},{"taxonomy":"post_tag","embeddable":true,"href":"https:\/\/kks-minden.de\/index.php?rest_route=%2Fwp%2Fv2%2Ftags&post=874"}],"curies":[{"name":"wp","href":"https:\/\/api.w.org\/{rel}","templated":true}]}}