{"id":831,"date":"2025-05-01T21:44:42","date_gmt":"2025-05-01T19:44:42","guid":{"rendered":"https:\/\/kks-minden.de\/?p=831"},"modified":"2025-05-01T21:44:42","modified_gmt":"2025-05-01T19:44:42","slug":"beratungstage-fuer-eltern-schuelerinnen-und-schueler-4","status":"publish","type":"post","link":"https:\/\/kks-minden.de\/?p=831","title":{"rendered":"Beratungstage f\u00fcr Eltern, Sch\u00fclerinnen und Sch\u00fcler"},"content":{"rendered":"\n<p class=\"has-text-align-left\">Liebe Eltern, liebe Sch\u00fclerinnen und Sch\u00fcler,<\/p>\n\n\n\n<p>wir m\u00f6chten Sie und euch hiermit an die Beratungstage im 2. Halbjahr dieses Schuljahres erinnern und dazu einladen. <\/p>\n\n\n\n<p class=\"has-text-align-left\">Diese finden statt am<\/p>\n\n\n\n<p class=\"has-text-align-center\"><strong>Montag, 12. Mai 2025 von 15.00 bis 18.00 Uhr <\/strong><\/p>\n\n\n\n<p class=\"has-text-align-center\">und<\/p>\n\n\n\n<p class=\"has-text-align-center\"><strong>\u00a0Dienstag, 13. Mai 2025 von 9.00 bis 12.00 Uhr<\/strong>.<\/p>\n\n\n\n<p>Zu Beginn der kommenden Woche erhalten die Sch\u00fclerinnen und Sch\u00fcler wie gewohnt den entsprechenden Elternbrief mit Anmeldebogen.<\/p>\n\n\n\n<p class=\"has-text-align-left\">Da es bei allen Sch\u00fclerinnen und Sch\u00fclern um den 1. oder 2. Schulabschluss geht, hoffen wir auf zahlreiche Gespr\u00e4che.<\/p>\n\n\n\n<p>Wir empfehlen zudem die Teilnahme der Sch\u00fclerinnen und Sch\u00fcler selbst an den Beratungsgespr\u00e4chen. So erhalten auch sie direkt einen \u00dcberblick \u00fcber ihre Leistungen und es ist m\u00f6glich sich \u00fcber Probleme und Schwierigkeiten auszutauschen und gemeinsam L\u00f6sungen zu besprechen.<\/p>\n","protected":false},"excerpt":{"rendered":"<p>Liebe Eltern, liebe Sch\u00fclerinnen und Sch\u00fcler, wir m\u00f6chten Sie und euch hiermit an die Beratungstage im 2. Halbjahr dieses Schuljahres erinnern und dazu einladen. Diese finden statt am Montag, 12. Mai 2025 von 15.00 bis 18.00 Uhr und \u00a0Dienstag, 13. Mai 2025 von 9.00 bis 12.00 Uhr. Zu Beginn der kommenden Woche erhalten die Sch\u00fclerinnen<span class=\"continue-reading\"> <a href=\"https:\/\/kks-minden.de\/?p=831\">[&#8230;]weiter lesen &raquo;<\/a><\/span><\/p>\n","protected":false},"author":4,"featured_media":0,"comment_status":"closed","ping_status":"closed","sticky":false,"template":"","format":"standard","meta":{"ngg_post_thumbnail":0},"categories":[1],"tags":[],"jetpack_featured_media_url":"","_links":{"self":[{"href":"https:\/\/kks-minden.de\/index.php?rest_route=\/wp\/v2\/posts\/831"}],"collection":[{"href":"https:\/\/kks-minden.de\/index.php?rest_route=\/wp\/v2\/posts"}],"about":[{"href":"https:\/\/kks-minden.de\/index.php?rest_route=\/wp\/v2\/types\/post"}],"author":[{"embeddable":true,"href":"https:\/\/kks-minden.de\/index.php?rest_route=\/wp\/v2\/users\/4"}],"replies":[{"embeddable":true,"href":"https:\/\/kks-minden.de\/index.php?rest_route=%2Fwp%2Fv2%2Fcomments&post=831"}],"version-history":[{"count":3,"href":"https:\/\/kks-minden.de\/index.php?rest_route=\/wp\/v2\/posts\/831\/revisions"}],"predecessor-version":[{"id":835,"href":"https:\/\/kks-minden.de\/index.php?rest_route=\/wp\/v2\/posts\/831\/revisions\/835"}],"wp:attachment":[{"href":"https:\/\/kks-minden.de\/index.php?rest_route=%2Fwp%2Fv2%2Fmedia&parent=831"}],"wp:term":[{"taxonomy":"category","embeddable":true,"href":"https:\/\/kks-minden.de\/index.php?rest_route=%2Fwp%2Fv2%2Fcategories&post=831"},{"taxonomy":"post_tag","embeddable":true,"href":"https:\/\/kks-minden.de\/index.php?rest_route=%2Fwp%2Fv2%2Ftags&post=831"}],"curies":[{"name":"wp","href":"https:\/\/api.w.org\/{rel}","templated":true}]}}