{"id":827,"date":"2025-02-24T10:29:23","date_gmt":"2025-02-24T09:29:23","guid":{"rendered":"https:\/\/kks-minden.de\/?p=827"},"modified":"2025-02-24T10:29:23","modified_gmt":"2025-02-24T09:29:23","slug":"praeventionsvortrag-der-polizei-zum-thema-drogen","status":"publish","type":"post","link":"https:\/\/kks-minden.de\/?p=827","title":{"rendered":"Pr\u00e4ventionsvortrag der Polizei zum Thema Drogen"},"content":{"rendered":"\n<p>Am&nbsp;<strong>12.3.2025 um 19:00 Uhr<\/strong>, findet im Hause der Sekundarschule Am Wiehen ein&nbsp;<strong>Vortrag zum Thema &#8222;Drogen und Suchtgefahren&#8220;<\/strong>&nbsp;statt.<\/p>\n\n\n\n<p>Die Teilnehmer erhalten dabei wertvolle Informationen \u00fcber die Risiken des Drogenkonsums, die rechtlichen Konsequenzen sowie Tipps, wie sie sich vor Gruppenzwang und gef\u00e4hrlichen Situationen sch\u00fctzen k\u00f6nnen.<\/p>\n\n\n\n<p>Eingeladen und angesprochen sind alle Eltern, Erziehungsberechtigte und Mitarbeitende der Schulen am Campus Schulzentrum S\u00fcd in Minden. Also der Sekundarschule Am Wiehen, der K\u00e4the-Kollwitz-Realschule, der Grundschule Am Wiehen und der AWO-Kindertagesst\u00e4tte H\u00e4verst\u00e4dt.<\/p>\n\n\n\n<p>Es besteht dabei die M\u00f6glichkeit, direkt mit den Experten der Polizei und Drogenberatungsstelle ins Gespr\u00e4ch zu kommen und Fragen zu stellen. Wir freuen uns auf eine spannende und aufschlussreiche Veranstaltung, die zur St\u00e4rkung der Eigenverantwortung unserer Sch\u00fclerinnen und Sch\u00fcler und aller Beteiligten beitragen soll!<\/p>\n\n\n\n<p><\/p>\n","protected":false},"excerpt":{"rendered":"<p>Am&nbsp;12.3.2025 um 19:00 Uhr, findet im Hause der Sekundarschule Am Wiehen ein&nbsp;Vortrag zum Thema &#8222;Drogen und Suchtgefahren&#8220;&nbsp;statt. Die Teilnehmer erhalten dabei wertvolle Informationen \u00fcber die Risiken des Drogenkonsums, die rechtlichen Konsequenzen sowie Tipps, wie sie sich vor Gruppenzwang und gef\u00e4hrlichen Situationen sch\u00fctzen k\u00f6nnen. Eingeladen und angesprochen sind alle Eltern, Erziehungsberechtigte und Mitarbeitende der Schulen am<span class=\"continue-reading\"> <a href=\"https:\/\/kks-minden.de\/?p=827\">[&#8230;]weiter lesen &raquo;<\/a><\/span><\/p>\n","protected":false},"author":1,"featured_media":828,"comment_status":"closed","ping_status":"closed","sticky":false,"template":"","format":"standard","meta":{"ngg_post_thumbnail":0},"categories":[1],"tags":[],"jetpack_featured_media_url":"https:\/\/kks-minden.de\/wp-content\/uploads\/2025\/02\/pexels-photo-19727823.jpeg","_links":{"self":[{"href":"https:\/\/kks-minden.de\/index.php?rest_route=\/wp\/v2\/posts\/827"}],"collection":[{"href":"https:\/\/kks-minden.de\/index.php?rest_route=\/wp\/v2\/posts"}],"about":[{"href":"https:\/\/kks-minden.de\/index.php?rest_route=\/wp\/v2\/types\/post"}],"author":[{"embeddable":true,"href":"https:\/\/kks-minden.de\/index.php?rest_route=\/wp\/v2\/users\/1"}],"replies":[{"embeddable":true,"href":"https:\/\/kks-minden.de\/index.php?rest_route=%2Fwp%2Fv2%2Fcomments&post=827"}],"version-history":[{"count":1,"href":"https:\/\/kks-minden.de\/index.php?rest_route=\/wp\/v2\/posts\/827\/revisions"}],"predecessor-version":[{"id":829,"href":"https:\/\/kks-minden.de\/index.php?rest_route=\/wp\/v2\/posts\/827\/revisions\/829"}],"wp:featuredmedia":[{"embeddable":true,"href":"https:\/\/kks-minden.de\/index.php?rest_route=\/wp\/v2\/media\/828"}],"wp:attachment":[{"href":"https:\/\/kks-minden.de\/index.php?rest_route=%2Fwp%2Fv2%2Fmedia&parent=827"}],"wp:term":[{"taxonomy":"category","embeddable":true,"href":"https:\/\/kks-minden.de\/index.php?rest_route=%2Fwp%2Fv2%2Fcategories&post=827"},{"taxonomy":"post_tag","embeddable":true,"href":"https:\/\/kks-minden.de\/index.php?rest_route=%2Fwp%2Fv2%2Ftags&post=827"}],"curies":[{"name":"wp","href":"https:\/\/api.w.org\/{rel}","templated":true}]}}