{"id":779,"date":"2024-09-23T19:56:21","date_gmt":"2024-09-23T17:56:21","guid":{"rendered":"https:\/\/kks-minden.de\/?p=779"},"modified":"2024-09-24T19:58:03","modified_gmt":"2024-09-24T17:58:03","slug":"die-10a-auf-europafahrt-nach-belgien","status":"publish","type":"post","link":"https:\/\/kks-minden.de\/?p=779","title":{"rendered":"Die 10a auf Europafahrt nach Belgien"},"content":{"rendered":"\n<p class=\"has-text-align-left\">Die Fahrt der 10a nach der belgischen Stadt Br\u00fcgge begann mit einer achtst\u00fcndigen Busfahrt zum Snuffel, einem Hostel mitten in der Innenstadt. Nach unserer Ankunft haben wir am ersten Tag einen Spaziergang durch die mittelalterliche Stadt zu einem Spaghettirestaurant unternommen, wo wir den Tag mit einem gemeinsamen Abendessen beschlossen haben.<\/p>\n\n\n\n<p>Nach dem Fr\u00fchst\u00fcck ging es am n\u00e4chsten Tag um 9 Uhr mit dem Bus nach Br\u00fcssel zum Atomium. Dort sind wir mit einem Fahrstuhl ganz nach oben gefahren und sp\u00e4ter zwischen den verschiedenen Kugeln hin- und hergelaufen und hatten zum Schluss noch die Chance das Planetarium in der Nachbarschaft ein wenig zu erkunden. Um 13 Uhr ging es f\u00fcr die Klasse 10a zum Europaparlament, wo wir von einem Guide einen Vortrag \u00fcber die europ\u00e4ische Idee und eine informative F\u00fchrung durch das europ\u00e4ische Parlament und den Plenarsaal bekommen haben. Zum Schluss ging es nach einem italienischen Abendessen, wie an jedem Tag, zur\u00fcck ins Hostel \u201eSnuffel\u201c.<\/p>\n\n\n\n<figure class=\"wp-block-image size-full is-style-default\"><img decoding=\"async\" loading=\"lazy\" width=\"2560\" height=\"2119\" src=\"https:\/\/kks-minden.de\/wp-content\/uploads\/2024\/09\/Vor-dem-Europaparlament-beschnitten-scaled.jpg\" alt=\"\" class=\"wp-image-783\" srcset=\"https:\/\/kks-minden.de\/wp-content\/uploads\/2024\/09\/Vor-dem-Europaparlament-beschnitten-scaled.jpg 2560w, https:\/\/kks-minden.de\/wp-content\/uploads\/2024\/09\/Vor-dem-Europaparlament-beschnitten-300x248.jpg 300w, https:\/\/kks-minden.de\/wp-content\/uploads\/2024\/09\/Vor-dem-Europaparlament-beschnitten-1024x848.jpg 1024w, https:\/\/kks-minden.de\/wp-content\/uploads\/2024\/09\/Vor-dem-Europaparlament-beschnitten-768x636.jpg 768w, https:\/\/kks-minden.de\/wp-content\/uploads\/2024\/09\/Vor-dem-Europaparlament-beschnitten-1536x1271.jpg 1536w, https:\/\/kks-minden.de\/wp-content\/uploads\/2024\/09\/Vor-dem-Europaparlament-beschnitten-2048x1695.jpg 2048w, https:\/\/kks-minden.de\/wp-content\/uploads\/2024\/09\/Vor-dem-Europaparlament-beschnitten-624x516.jpg 624w\" sizes=\"(max-width: 2560px) 100vw, 2560px\" \/><\/figure>\n\n\n\n<p>Mittwochs ging es wieder fr\u00fch zum Vogelschutzgebiet \u201eHet Zwin\u201c. Dort gab es eine F\u00fchrung von einer Mitarbeiterin durch den belgisch-niederl\u00e4ndischen Naturpark. Danach ging es schon um 15.30 Uhr zum Jumpsquare Br\u00fcgge, einer gro\u00dfen Trampolinhalle mit vielen verschiedenen Parcours. Hier hatten wir bis 18.30 Uhr genug Zeit uns in der Trampolinhalle auszutoben und einen Boxautomaten zu bezwingen.<\/p>\n\n\n\n<figure class=\"wp-block-image size-large\"><img decoding=\"async\" loading=\"lazy\" width=\"1024\" height=\"542\" src=\"https:\/\/kks-minden.de\/wp-content\/uploads\/2024\/09\/20240904_113241-1-1024x542.jpg\" alt=\"\" class=\"wp-image-784\" srcset=\"https:\/\/kks-minden.de\/wp-content\/uploads\/2024\/09\/20240904_113241-1-1024x542.jpg 1024w, https:\/\/kks-minden.de\/wp-content\/uploads\/2024\/09\/20240904_113241-1-300x159.jpg 300w, https:\/\/kks-minden.de\/wp-content\/uploads\/2024\/09\/20240904_113241-1-768x406.jpg 768w, https:\/\/kks-minden.de\/wp-content\/uploads\/2024\/09\/20240904_113241-1-1536x813.jpg 1536w, https:\/\/kks-minden.de\/wp-content\/uploads\/2024\/09\/20240904_113241-1-2048x1084.jpg 2048w, https:\/\/kks-minden.de\/wp-content\/uploads\/2024\/09\/20240904_113241-1-624x330.jpg 624w\" sizes=\"(max-width: 1024px) 100vw, 1024px\" \/><\/figure>\n\n\n\n<p>Am Donnerstag gingen wir gemeinsam nach dem Fr\u00fchst\u00fcck zu einer Schule in Br\u00fcgge, etwas 800 Meter vom Hostel entfernt, wo die Klasse an einem Workshop im Gymnasium \u201eAtheneum Brugge\u201c teilgenommen hat. Am Anfang haben wir eine Pr\u00e4sentation zum Schulsystem in Nordrhein-Westfalen gehalten und erkl\u00e4rt, welche Arten von Schulen es in Deutschland gibt. Danach haben wir uns auf Deutsch mit Sch\u00fclerinnen einer Deutschklasse ausgetauscht, indem wir \u00fcber unsere Hobbys und allgemeinen Merkmale gesprochen haben. Mittags haben wir gemeinsam mit den belgischen Sch\u00fclern in der Mensa gegessen. Nachdem wir uns enger kennenlernen konnten, haben die Sch\u00fclerinnen uns nachmittags noch einmal durch Br\u00fcgge gef\u00fchrt und uns eine Eisdiele in der Stadt mit sehr leckerem Eis gezeigt. Der Tag war einer der spannendsten der Woche, da wir noch gen\u00fcgend Freizeit am Ende des Tages hatten, um z. B. f\u00fcr unsere Eltern etwas kaufen zu gehen oder die Stadt noch einmal allein in kleinen Gruppen erkunden zu k\u00f6nnen.<\/p>\n\n\n\n<div class=\"wp-block-jetpack-slideshow aligncenter\" data-effect=\"slide\"><div class=\"wp-block-jetpack-slideshow_container swiper-container\"><ul class=\"wp-block-jetpack-slideshow_swiper-wrapper swiper-wrapper\"><li class=\"wp-block-jetpack-slideshow_slide swiper-slide\"><figure><img decoding=\"async\" loading=\"lazy\" width=\"1024\" height=\"601\" alt=\"\" class=\"wp-block-jetpack-slideshow_image wp-image-793\" data-id=\"793\" src=\"https:\/\/kks-minden.de\/wp-content\/uploads\/2024\/09\/20240905_095120-2-1024x601.jpg\" srcset=\"https:\/\/kks-minden.de\/wp-content\/uploads\/2024\/09\/20240905_095120-2-1024x601.jpg 1024w, https:\/\/kks-minden.de\/wp-content\/uploads\/2024\/09\/20240905_095120-2-300x176.jpg 300w, https:\/\/kks-minden.de\/wp-content\/uploads\/2024\/09\/20240905_095120-2-768x451.jpg 768w, https:\/\/kks-minden.de\/wp-content\/uploads\/2024\/09\/20240905_095120-2-1536x902.jpg 1536w, https:\/\/kks-minden.de\/wp-content\/uploads\/2024\/09\/20240905_095120-2-2048x1203.jpg 2048w, https:\/\/kks-minden.de\/wp-content\/uploads\/2024\/09\/20240905_095120-2-624x366.jpg 624w\" sizes=\"(max-width: 1024px) 100vw, 1024px\" \/><\/figure><\/li><li class=\"wp-block-jetpack-slideshow_slide swiper-slide\"><figure><img decoding=\"async\" loading=\"lazy\" width=\"1024\" height=\"620\" alt=\"\" class=\"wp-block-jetpack-slideshow_image wp-image-794\" data-id=\"794\" src=\"https:\/\/kks-minden.de\/wp-content\/uploads\/2024\/09\/IMG_20240905_102710-2-1024x620.jpg\" srcset=\"https:\/\/kks-minden.de\/wp-content\/uploads\/2024\/09\/IMG_20240905_102710-2-1024x620.jpg 1024w, https:\/\/kks-minden.de\/wp-content\/uploads\/2024\/09\/IMG_20240905_102710-2-300x182.jpg 300w, https:\/\/kks-minden.de\/wp-content\/uploads\/2024\/09\/IMG_20240905_102710-2-768x465.jpg 768w, https:\/\/kks-minden.de\/wp-content\/uploads\/2024\/09\/IMG_20240905_102710-2-1536x930.jpg 1536w, https:\/\/kks-minden.de\/wp-content\/uploads\/2024\/09\/IMG_20240905_102710-2-2048x1240.jpg 2048w, https:\/\/kks-minden.de\/wp-content\/uploads\/2024\/09\/IMG_20240905_102710-2-624x378.jpg 624w\" sizes=\"(max-width: 1024px) 100vw, 1024px\" \/><\/figure><\/li><li class=\"wp-block-jetpack-slideshow_slide swiper-slide\"><figure><img decoding=\"async\" loading=\"lazy\" width=\"1024\" height=\"671\" alt=\"\" class=\"wp-block-jetpack-slideshow_image wp-image-795\" data-id=\"795\" src=\"https:\/\/kks-minden.de\/wp-content\/uploads\/2024\/09\/Atheneum-Gesamtfoto-beschnitten-2-1024x671.jpg\" srcset=\"https:\/\/kks-minden.de\/wp-content\/uploads\/2024\/09\/Atheneum-Gesamtfoto-beschnitten-2-1024x671.jpg 1024w, https:\/\/kks-minden.de\/wp-content\/uploads\/2024\/09\/Atheneum-Gesamtfoto-beschnitten-2-300x197.jpg 300w, https:\/\/kks-minden.de\/wp-content\/uploads\/2024\/09\/Atheneum-Gesamtfoto-beschnitten-2-768x504.jpg 768w, https:\/\/kks-minden.de\/wp-content\/uploads\/2024\/09\/Atheneum-Gesamtfoto-beschnitten-2-624x409.jpg 624w, https:\/\/kks-minden.de\/wp-content\/uploads\/2024\/09\/Atheneum-Gesamtfoto-beschnitten-2.jpg 1034w\" sizes=\"(max-width: 1024px) 100vw, 1024px\" \/><\/figure><\/li><\/ul><a class=\"wp-block-jetpack-slideshow_button-prev swiper-button-prev swiper-button-white\" role=\"button\"><\/a><a class=\"wp-block-jetpack-slideshow_button-next swiper-button-next swiper-button-white\" role=\"button\"><\/a><a aria-label=\"Pause Slideshow\" class=\"wp-block-jetpack-slideshow_button-pause\" role=\"button\"><\/a><div class=\"wp-block-jetpack-slideshow_pagination swiper-pagination swiper-pagination-white\"><\/div><\/div><\/div>\n\n\n\n<p>Am Abend sind wir das letzte Mal gemeinsam mit der Klasse in einem italienischen Restaurant Pizza essen gegangen. Zum Hostel ging es um 22 Uhr und um 23 Uhr war Bettruhe.<\/p>\n\n\n\n<p>Freitag ging es f\u00fcr die 10a wieder zur\u00fcck nach Minden. Nach einem letzten Fr\u00fchst\u00fcck und dem Check-out gegen 9 Uhr begann die R\u00fcckfahrt mit insgesamt zwei Pausen, eine davon an einer McDonalds-Filiale in Venlo. Um sechs Uhr abends waren wir an der Bushaltestelle unserer Schule, dort wurden wir dann entlassen und von unseren Eltern abgeholt. Es war eine sch\u00f6ne Europafahrt!<\/p>\n\n\n\n<p>Von Dilgesch Bulu, Klasse 10a<\/p>\n\n\n\n<p>Die Europafahrt der Klasse 10 a wurde durch die Landesinitiative \u201eEuropa-Schecks\u201c gef\u00f6rdert und m\u00f6glich gemacht.<\/p>\n\n\n\n<figure class=\"wp-block-image size-large\"><img decoding=\"async\" loading=\"lazy\" width=\"1024\" height=\"361\" src=\"https:\/\/kks-minden.de\/wp-content\/uploads\/2024\/09\/Logo_Europaschecks_RGB-1024x361.jpg\" alt=\"\" class=\"wp-image-780\" srcset=\"https:\/\/kks-minden.de\/wp-content\/uploads\/2024\/09\/Logo_Europaschecks_RGB-1024x361.jpg 1024w, https:\/\/kks-minden.de\/wp-content\/uploads\/2024\/09\/Logo_Europaschecks_RGB-300x106.jpg 300w, https:\/\/kks-minden.de\/wp-content\/uploads\/2024\/09\/Logo_Europaschecks_RGB-768x271.jpg 768w, https:\/\/kks-minden.de\/wp-content\/uploads\/2024\/09\/Logo_Europaschecks_RGB-624x220.jpg 624w, https:\/\/kks-minden.de\/wp-content\/uploads\/2024\/09\/Logo_Europaschecks_RGB.jpg 1044w\" sizes=\"(max-width: 1024px) 100vw, 1024px\" \/><\/figure>\n","protected":false},"excerpt":{"rendered":"<p>Die Fahrt der 10a nach der belgischen Stadt Br\u00fcgge begann mit einer achtst\u00fcndigen Busfahrt zum Snuffel, einem Hostel mitten in der Innenstadt. Nach unserer Ankunft haben wir am ersten Tag einen Spaziergang durch die mittelalterliche Stadt zu einem Spaghettirestaurant unternommen, wo wir den Tag mit einem gemeinsamen Abendessen beschlossen haben. Nach dem Fr\u00fchst\u00fcck ging es<span class=\"continue-reading\"> <a href=\"https:\/\/kks-minden.de\/?p=779\">[&#8230;]weiter lesen &raquo;<\/a><\/span><\/p>\n","protected":false},"author":4,"featured_media":0,"comment_status":"closed","ping_status":"closed","sticky":false,"template":"","format":"standard","meta":{"ngg_post_thumbnail":0},"categories":[1],"tags":[],"jetpack_featured_media_url":"","_links":{"self":[{"href":"https:\/\/kks-minden.de\/index.php?rest_route=\/wp\/v2\/posts\/779"}],"collection":[{"href":"https:\/\/kks-minden.de\/index.php?rest_route=\/wp\/v2\/posts"}],"about":[{"href":"https:\/\/kks-minden.de\/index.php?rest_route=\/wp\/v2\/types\/post"}],"author":[{"embeddable":true,"href":"https:\/\/kks-minden.de\/index.php?rest_route=\/wp\/v2\/users\/4"}],"replies":[{"embeddable":true,"href":"https:\/\/kks-minden.de\/index.php?rest_route=%2Fwp%2Fv2%2Fcomments&post=779"}],"version-history":[{"count":3,"href":"https:\/\/kks-minden.de\/index.php?rest_route=\/wp\/v2\/posts\/779\/revisions"}],"predecessor-version":[{"id":796,"href":"https:\/\/kks-minden.de\/index.php?rest_route=\/wp\/v2\/posts\/779\/revisions\/796"}],"wp:attachment":[{"href":"https:\/\/kks-minden.de\/index.php?rest_route=%2Fwp%2Fv2%2Fmedia&parent=779"}],"wp:term":[{"taxonomy":"category","embeddable":true,"href":"https:\/\/kks-minden.de\/index.php?rest_route=%2Fwp%2Fv2%2Fcategories&post=779"},{"taxonomy":"post_tag","embeddable":true,"href":"https:\/\/kks-minden.de\/index.php?rest_route=%2Fwp%2Fv2%2Ftags&post=779"}],"curies":[{"name":"wp","href":"https:\/\/api.w.org\/{rel}","templated":true}]}}