{"id":707,"date":"2023-10-19T19:01:35","date_gmt":"2023-10-19T17:01:35","guid":{"rendered":"https:\/\/kks-minden.de\/?p=707"},"modified":"2023-10-19T19:01:35","modified_gmt":"2023-10-19T17:01:35","slug":"einweihungsfeier-schulgebaeude-am-20-10-23","status":"publish","type":"post","link":"https:\/\/kks-minden.de\/?p=707","title":{"rendered":"Einweihungsfeier Schulgeb\u00e4ude am 20.10.23"},"content":{"rendered":"\n<p>Am Freitag, den 20.10.2023, l\u00e4dt die Stadt Minden zur Einweihung des neuen Schulgeb\u00e4udes in Minden-H\u00e4verst\u00e4dt ein.<\/p>\n\n\n\n<p>Da dieses eine Veranstaltung der Stadt Minden und nicht der Schule ist, <strong>liegt die Verantwortung f\u00fcr die Einladung der G\u00e4ste bei der Stadt<\/strong>. \u00a0<\/p>\n\n\n\n<p>Wichtig: F\u00fcr die Sch\u00fcler und Sch\u00fclerinnen der Sekundarschule und der K\u00e4the-Kollwitz-Realschule bedeutet diese Veranstaltung folgendes:<\/p>\n\n\n\n<p>Am\u00a0<strong>Donnerstag, den 19.10.2023, endet der Unterricht nach der 6. Stunde<\/strong>. <\/p>\n\n\n\n<p>Beachten Sie bitte hierbei auch, dass es an diesem Tag kein Mittagessen in der Mensa gibt!<\/p>\n\n\n\n<p>Des weiteren\u00a0<strong>f\u00e4llt der Unterricht am Freitag, den 20.10.2023, komplett aus<\/strong>\u00a0und die Sch\u00fcler und Sch\u00fclerinnen arbeiten im Homeschooling.<\/p>\n\n\n\n<p><\/p>\n","protected":false},"excerpt":{"rendered":"<p>Am Freitag, den 20.10.2023, l\u00e4dt die Stadt Minden zur Einweihung des neuen Schulgeb\u00e4udes in Minden-H\u00e4verst\u00e4dt ein. Da dieses eine Veranstaltung der Stadt Minden und nicht der Schule ist, liegt die Verantwortung f\u00fcr die Einladung der G\u00e4ste bei der Stadt. \u00a0 Wichtig: F\u00fcr die Sch\u00fcler und Sch\u00fclerinnen der Sekundarschule und der K\u00e4the-Kollwitz-Realschule bedeutet diese Veranstaltung folgendes:<span class=\"continue-reading\"> <a href=\"https:\/\/kks-minden.de\/?p=707\">[&#8230;]weiter lesen &raquo;<\/a><\/span><\/p>\n","protected":false},"author":1,"featured_media":318,"comment_status":"closed","ping_status":"closed","sticky":false,"template":"","format":"standard","meta":{"ngg_post_thumbnail":0},"categories":[1],"tags":[],"jetpack_featured_media_url":"https:\/\/kks-minden.de\/wp-content\/uploads\/2021\/03\/pexels-photo-5849597.jpeg","_links":{"self":[{"href":"https:\/\/kks-minden.de\/index.php?rest_route=\/wp\/v2\/posts\/707"}],"collection":[{"href":"https:\/\/kks-minden.de\/index.php?rest_route=\/wp\/v2\/posts"}],"about":[{"href":"https:\/\/kks-minden.de\/index.php?rest_route=\/wp\/v2\/types\/post"}],"author":[{"embeddable":true,"href":"https:\/\/kks-minden.de\/index.php?rest_route=\/wp\/v2\/users\/1"}],"replies":[{"embeddable":true,"href":"https:\/\/kks-minden.de\/index.php?rest_route=%2Fwp%2Fv2%2Fcomments&post=707"}],"version-history":[{"count":1,"href":"https:\/\/kks-minden.de\/index.php?rest_route=\/wp\/v2\/posts\/707\/revisions"}],"predecessor-version":[{"id":708,"href":"https:\/\/kks-minden.de\/index.php?rest_route=\/wp\/v2\/posts\/707\/revisions\/708"}],"wp:featuredmedia":[{"embeddable":true,"href":"https:\/\/kks-minden.de\/index.php?rest_route=\/wp\/v2\/media\/318"}],"wp:attachment":[{"href":"https:\/\/kks-minden.de\/index.php?rest_route=%2Fwp%2Fv2%2Fmedia&parent=707"}],"wp:term":[{"taxonomy":"category","embeddable":true,"href":"https:\/\/kks-minden.de\/index.php?rest_route=%2Fwp%2Fv2%2Fcategories&post=707"},{"taxonomy":"post_tag","embeddable":true,"href":"https:\/\/kks-minden.de\/index.php?rest_route=%2Fwp%2Fv2%2Ftags&post=707"}],"curies":[{"name":"wp","href":"https:\/\/api.w.org\/{rel}","templated":true}]}}