{"id":694,"date":"2023-09-22T07:43:11","date_gmt":"2023-09-22T05:43:11","guid":{"rendered":"https:\/\/kks-minden.de\/?p=694"},"modified":"2023-09-22T07:43:11","modified_gmt":"2023-09-22T05:43:11","slug":"schulinterne-lehrerfortbildung-am-26-9-23","status":"publish","type":"post","link":"https:\/\/kks-minden.de\/?p=694","title":{"rendered":"Schulinterne Lehrerfortbildung am 26.9.23"},"content":{"rendered":"\n<p>Sehr geehrte Eltern und Erziehungsberechtigte,<\/p>\n\n\n\n<p>am Dienstag, 26. September 2023 nimmt das Kollegium an einer ganzt\u00e4gigen Fortbildung teil. Die Sch\u00fclerinnen und Sch\u00fcler haben an dem Tag einen Studientag. Das bedeutet, dass sie Aufgaben erhalten, die sie zuhause erledigen und am Mittwoch mit zum Unterricht bringen m\u00fcssen.<\/p>\n\n\n\n<p>Mit freundlichen Gr\u00fc\u00dfen<\/p>\n\n\n\n<p>G. Bednar (komm. Schulleiterin)<\/p>\n","protected":false},"excerpt":{"rendered":"<p>Sehr geehrte Eltern und Erziehungsberechtigte, am Dienstag, 26. September 2023 nimmt das Kollegium an einer ganzt\u00e4gigen Fortbildung teil. Die Sch\u00fclerinnen und Sch\u00fcler haben an dem Tag einen Studientag. Das bedeutet, dass sie Aufgaben erhalten, die sie zuhause erledigen und am Mittwoch mit zum Unterricht bringen m\u00fcssen. Mit freundlichen Gr\u00fc\u00dfen G. Bednar (komm. Schulleiterin)<\/p>\n","protected":false},"author":1,"featured_media":695,"comment_status":"closed","ping_status":"closed","sticky":false,"template":"","format":"standard","meta":{"ngg_post_thumbnail":0},"categories":[1],"tags":[],"jetpack_featured_media_url":"https:\/\/kks-minden.de\/wp-content\/uploads\/2023\/09\/czNmcy1wcml2YXRlL3Jhd3BpeGVsX2ltYWdlcy93ZWJzaXRlX2NvbnRlbnQvbHIvcHg5NTY4OTItaW1hZ2Uta3d2dXF1MmEuanBn.jpg","_links":{"self":[{"href":"https:\/\/kks-minden.de\/index.php?rest_route=\/wp\/v2\/posts\/694"}],"collection":[{"href":"https:\/\/kks-minden.de\/index.php?rest_route=\/wp\/v2\/posts"}],"about":[{"href":"https:\/\/kks-minden.de\/index.php?rest_route=\/wp\/v2\/types\/post"}],"author":[{"embeddable":true,"href":"https:\/\/kks-minden.de\/index.php?rest_route=\/wp\/v2\/users\/1"}],"replies":[{"embeddable":true,"href":"https:\/\/kks-minden.de\/index.php?rest_route=%2Fwp%2Fv2%2Fcomments&post=694"}],"version-history":[{"count":1,"href":"https:\/\/kks-minden.de\/index.php?rest_route=\/wp\/v2\/posts\/694\/revisions"}],"predecessor-version":[{"id":696,"href":"https:\/\/kks-minden.de\/index.php?rest_route=\/wp\/v2\/posts\/694\/revisions\/696"}],"wp:featuredmedia":[{"embeddable":true,"href":"https:\/\/kks-minden.de\/index.php?rest_route=\/wp\/v2\/media\/695"}],"wp:attachment":[{"href":"https:\/\/kks-minden.de\/index.php?rest_route=%2Fwp%2Fv2%2Fmedia&parent=694"}],"wp:term":[{"taxonomy":"category","embeddable":true,"href":"https:\/\/kks-minden.de\/index.php?rest_route=%2Fwp%2Fv2%2Fcategories&post=694"},{"taxonomy":"post_tag","embeddable":true,"href":"https:\/\/kks-minden.de\/index.php?rest_route=%2Fwp%2Fv2%2Ftags&post=694"}],"curies":[{"name":"wp","href":"https:\/\/api.w.org\/{rel}","templated":true}]}}