{"id":684,"date":"2023-08-17T13:52:37","date_gmt":"2023-08-17T11:52:37","guid":{"rendered":"https:\/\/kks-minden.de\/?p=684"},"modified":"2023-08-27T14:05:28","modified_gmt":"2023-08-27T12:05:28","slug":"elternbrief-zum-schuljahr-2023-2024","status":"publish","type":"post","link":"https:\/\/kks-minden.de\/?p=684","title":{"rendered":"Elternbrief zum Schuljahr 2023 \/ 2024"},"content":{"rendered":"\n<p>Liebe Eltern, liebe Erziehungsberechtigte,<\/p>\n\n\n\n<p>der Umzug ins neue Geb\u00e4ude in H\u00e4verst\u00e4dt hat geklappt, die Busse fahren und das neue Schuljahr hat begonnen.<\/p>\n\n\n\n<p>In der K\u00e4the unterrichten wir noch die Jahrg\u00e4nge 8 bis 10 sowie zwei Sprachf\u00f6rderklassen mit insgesamt ca. 250 SuS. Wie Sie vielleicht schon von Ihren Kindern geh\u00f6rt haben, sind die Klassen sehr voll, doch wir versuchen, trotzdem allen gerecht zu werden.<\/p>\n\n\n\n<p>Unterrichtet werden sie von 25 Lehrerinnen und Lehrern sowie 2 Praktikanten.<\/p>\n\n\n\n<p>Unser neuer Schulsozialarbeiter ist Herr Stephan, der von den Sch\u00fclerinnen und Sch\u00fclern, aber auch von Ihnen angesprochen werden kann.<\/p>\n\n\n\n<p>Einige F\u00e4cher werden epochal unterrichtet, das bedeutet, dass das eine Fach im ersten Halbjahr und das andere Fach im zweiten Halbjahr unterrichtet wird. Wichtig ist hier zu wissen, dass die Note aus dem ersten Halbjahr auch auf dem Zeugnis im Sommer erscheint und versetzungsrelevant ist.<\/p>\n\n\n\n<p><strong>Im Einzelnen werden folgende F\u00e4cher epochal unterrichtet.<\/strong><\/p>\n\n\n\n<ul>\n<li>Jahrgang 8: Erdkunde und Chemie sowie Kunst und Musik<\/li>\n\n\n\n<li>Jahrgang 9: Kunst und Chemie sowie Erdkunde und Physik<\/li>\n\n\n\n<li>Jahrgang 10: Kunst und Chemie sowie Erdkunde und Physik<\/li>\n<\/ul>\n\n\n\n<p>In diesen F\u00e4chern wird die Klasse geteilt.<\/p>\n\n\n\n<p>Ab dem 28. August 23 gibt es auch Angebote im Nachmittagsbereich.<\/p>\n\n\n\n<p>Die AGs w\u00e4hlen ihre Kinder in der n\u00e4chsten Woche. Wenn Ihre Kinder an den AG-Tagen in der Mensa essen m\u00f6chten, m\u00fcssen Sie Geld auf einen Chip laden (\u00fcberweisen). Dann kann Ihr Kind das Essen mit dem Chip bezahlen (Bargeld wird in der Mensa nicht angenommen).<\/p>\n\n\n\n<p>Auch wird im neuen Schuljahr die Hausaufgabenzeit weiter verpflichtend f\u00fcr die SuS eingerichtet, die ihre Hausaufgaben nicht anfertigen oder h\u00e4ufig zu sp\u00e4t zum Unterricht erscheinen.<\/p>\n\n\n\n<p>Falls Ihr Kind krank ist, m\u00fcssen Sie es morgens telefonisch im Sekretariat (0571 320303100) krankmelden. Wenn es wieder gesund ist, bringt Ihr Kind die unterschriebene Entschuldigung mit. Liegt die schriftliche Entschuldigung nicht nach 3 Tagen vor, gelten die Tage als unentschuldigt.<\/p>\n\n\n\n<p>Am Donnerstag, 17.08.23 und am Freitag, 18.08.23 werden Ihre Kinder in der Schule fotografiert und erhalten dann sp\u00e4ter ihren Sch\u00fclerausweis. Die Bilder k\u00f6nnen Sie auch kaufen, die genauen Informationen erhalten Ihre Kinder.<\/p>\n\n\n\n<p>Die Klassenpflegschaftssitzungen f\u00fcr die Jahrg\u00e4nge 8 und 10 finden am Donnerstag, 17.08.2023 und die f\u00fcr den Jahrgang 9 am Donnerstag, 24.08.23 jeweils um 18.30 Uhr im neuen Schulgeb\u00e4ude, Sch\u00fclerweg 11, statt. An dem Abend haben Sie auch die M\u00f6glichkeit, sich das neue Schulgeb\u00e4ude anzusehen. Die Einladungen erhalten Sie von den Klassenlehrern und Klassenlehrerinnen.<\/p>\n\n\n\n<p>Neuigkeiten aus der Schule und wichtige Termine k\u00f6nnen Sie jederzeit auf unserer Homepage oder \u00fcber IServ abrufen.<\/p>\n\n\n\n<p>Das Kollegium und ich freuen uns auf die Zusammenarbeit mit Ihnen und Ihrem Kind.<\/p>\n\n\n\n<p>Mit freundlichen Gr\u00fc\u00dfen<\/p>\n\n\n\n<p>(komm. Schulleiterin)<\/p>\n","protected":false},"excerpt":{"rendered":"<p>Liebe Eltern, liebe Erziehungsberechtigte, der Umzug ins neue Geb\u00e4ude in H\u00e4verst\u00e4dt hat geklappt, die Busse fahren und das neue Schuljahr hat begonnen. In der K\u00e4the unterrichten wir noch die Jahrg\u00e4nge 8 bis 10 sowie zwei Sprachf\u00f6rderklassen mit insgesamt ca. 250 SuS. Wie Sie vielleicht schon von Ihren Kindern geh\u00f6rt haben, sind die Klassen sehr voll,<span class=\"continue-reading\"> <a href=\"https:\/\/kks-minden.de\/?p=684\">[&#8230;]weiter lesen &raquo;<\/a><\/span><\/p>\n","protected":false},"author":1,"featured_media":318,"comment_status":"closed","ping_status":"closed","sticky":false,"template":"","format":"standard","meta":{"ngg_post_thumbnail":0},"categories":[1],"tags":[],"jetpack_featured_media_url":"https:\/\/kks-minden.de\/wp-content\/uploads\/2021\/03\/pexels-photo-5849597.jpeg","_links":{"self":[{"href":"https:\/\/kks-minden.de\/index.php?rest_route=\/wp\/v2\/posts\/684"}],"collection":[{"href":"https:\/\/kks-minden.de\/index.php?rest_route=\/wp\/v2\/posts"}],"about":[{"href":"https:\/\/kks-minden.de\/index.php?rest_route=\/wp\/v2\/types\/post"}],"author":[{"embeddable":true,"href":"https:\/\/kks-minden.de\/index.php?rest_route=\/wp\/v2\/users\/1"}],"replies":[{"embeddable":true,"href":"https:\/\/kks-minden.de\/index.php?rest_route=%2Fwp%2Fv2%2Fcomments&post=684"}],"version-history":[{"count":1,"href":"https:\/\/kks-minden.de\/index.php?rest_route=\/wp\/v2\/posts\/684\/revisions"}],"predecessor-version":[{"id":685,"href":"https:\/\/kks-minden.de\/index.php?rest_route=\/wp\/v2\/posts\/684\/revisions\/685"}],"wp:featuredmedia":[{"embeddable":true,"href":"https:\/\/kks-minden.de\/index.php?rest_route=\/wp\/v2\/media\/318"}],"wp:attachment":[{"href":"https:\/\/kks-minden.de\/index.php?rest_route=%2Fwp%2Fv2%2Fmedia&parent=684"}],"wp:term":[{"taxonomy":"category","embeddable":true,"href":"https:\/\/kks-minden.de\/index.php?rest_route=%2Fwp%2Fv2%2Fcategories&post=684"},{"taxonomy":"post_tag","embeddable":true,"href":"https:\/\/kks-minden.de\/index.php?rest_route=%2Fwp%2Fv2%2Ftags&post=684"}],"curies":[{"name":"wp","href":"https:\/\/api.w.org\/{rel}","templated":true}]}}