{"id":668,"date":"2023-08-03T11:16:22","date_gmt":"2023-08-03T09:16:22","guid":{"rendered":"https:\/\/kks-minden.de\/?p=668"},"modified":"2023-08-27T14:06:28","modified_gmt":"2023-08-27T12:06:28","slug":"beginn-des-neuen-schuljahres-2","status":"publish","type":"post","link":"https:\/\/kks-minden.de\/?p=668","title":{"rendered":"Beginn des neuen Schuljahres"},"content":{"rendered":"\n<p>Liebe Sch\u00fclerinnen und Sch\u00fcler, sehr geehrte Erziehungsberechtigte,<\/p>\n\n\n\n<p>am Montag, 07. August 2023, beginnt das neue Schuljahr im neuen Schulgeb\u00e4ude am Sch\u00fclerweg 11 in 32429 Minden. Der Unterricht beginnt um 8.00 Uhr und endet um 11.20 Uhr. Ab Dienstag 08. August 2023 findet der Unterricht nach Plan statt.<\/p>\n\n\n\n<p><strong>Den Busfahrplan zum neuen Schulgeb\u00e4ude findet ihr als Datei im Anhang.<\/strong><\/p>\n\n\n\n<p>Die Erziehungsberechtigten, die ihr Kind mit dem Auto zur Schule bringen, m\u00f6chte ich bitten, ihr Kind an der Mindener Stra\u00dfe aussteigen zu lassen, da die Stra\u00dfen- und Parkplatzsituation an der Schule sehr eingeschr\u00e4nkt ist.<\/p>\n\n\n\n<p>Falls jemand die neuen B\u00fccher noch nicht bestellt hast, findet ihr die Liste ebenfalls im Anhang.<\/p>\n\n\n\n<p>Genie\u00dft die letzten Ferientage!<\/p>\n\n\n\n<p>Wir sehen uns am Montag, 07. August 2023 gesund und mit guter Laune am Sch\u00fclerweg.<\/p>\n\n\n\n<p><strong>Wir freuen uns auf den gemeinsamen Start und die Zusammenarbeit mit Ihnen und Ihrem Kind.<\/strong><\/p>\n\n\n\n<p>Das Kollegium der &#8222;K\u00e4the&#8220; Gisela Bednar (kommissarische Schulleiterin)<\/p>\n\n\n\n<div class=\"wp-block-file\"><a id=\"wp-block-file--media-582eb35c-4dec-4390-9bb4-5b06bf6fe80d\" href=\"https:\/\/kks-minden.de\/wp-content\/uploads\/2023\/08\/Schreiben-an-ErzB_KKS-1.pdf\">Schreiben-an-ErzB_KKS-1<\/a><a href=\"https:\/\/kks-minden.de\/wp-content\/uploads\/2023\/08\/Schreiben-an-ErzB_KKS-1.pdf\" class=\"wp-block-file__button wp-element-button\" download aria-describedby=\"wp-block-file--media-582eb35c-4dec-4390-9bb4-5b06bf6fe80d\">Herunterladen<\/a><\/div>\n\n\n\n<div class=\"wp-block-file\"><a id=\"wp-block-file--media-2aa8ad4f-2ba8-4695-8cb0-5747e0795a4c\" href=\"https:\/\/kks-minden.de\/wp-content\/uploads\/2023\/08\/Linie-480-Schulverkehr-Sekundarschule_Todtenh_Kutenh_Brenk_19.06.2023.pdf\">Linie-480-Schulverkehr-Sekundarschule_Todtenh_Kutenh_Brenk_19.06.2023<\/a><a href=\"https:\/\/kks-minden.de\/wp-content\/uploads\/2023\/08\/Linie-480-Schulverkehr-Sekundarschule_Todtenh_Kutenh_Brenk_19.06.2023.pdf\" class=\"wp-block-file__button wp-element-button\" download aria-describedby=\"wp-block-file--media-2aa8ad4f-2ba8-4695-8cb0-5747e0795a4c\">Herunterladen<\/a><\/div>\n\n\n\n<div class=\"wp-block-file\"><a id=\"wp-block-file--media-43842053-92f7-4ff3-851b-83dc94e2239f\" href=\"https:\/\/kks-minden.de\/wp-content\/uploads\/2023\/08\/Linie-479-Schulverkehr-Sekundarschule_Rodenbeck_19.06.2023.pdf\">Linie-479-Schulverkehr-Sekundarschule_Rodenbeck_19.06.2023<\/a><a href=\"https:\/\/kks-minden.de\/wp-content\/uploads\/2023\/08\/Linie-479-Schulverkehr-Sekundarschule_Rodenbeck_19.06.2023.pdf\" class=\"wp-block-file__button wp-element-button\" download aria-describedby=\"wp-block-file--media-43842053-92f7-4ff3-851b-83dc94e2239f\">Herunterladen<\/a><\/div>\n\n\n\n<div class=\"wp-block-file\"><a id=\"wp-block-file--media-9a8fcaa4-22b3-451c-9ad2-5d4fc729f49f\" href=\"https:\/\/kks-minden.de\/wp-content\/uploads\/2023\/08\/Linie-471-Schulverkehr-Minden-Grundschule-am-Wiehen.pdf\">Linie-471-Schulverkehr-Minden-Grundschule-am-Wiehen<\/a><a href=\"https:\/\/kks-minden.de\/wp-content\/uploads\/2023\/08\/Linie-471-Schulverkehr-Minden-Grundschule-am-Wiehen.pdf\" class=\"wp-block-file__button wp-element-button\" download aria-describedby=\"wp-block-file--media-9a8fcaa4-22b3-451c-9ad2-5d4fc729f49f\">Herunterladen<\/a><\/div>\n\n\n\n<div class=\"wp-block-file\"><a id=\"wp-block-file--media-781a388d-1567-4773-ac98-d83af74ed129\" href=\"https:\/\/kks-minden.de\/wp-content\/uploads\/2023\/08\/Linie-447-Minden-Haddenhausen-Wallcke.pdf\">Linie-447-Minden-Haddenhausen-Wallcke<\/a><a href=\"https:\/\/kks-minden.de\/wp-content\/uploads\/2023\/08\/Linie-447-Minden-Haddenhausen-Wallcke.pdf\" class=\"wp-block-file__button wp-element-button\" download aria-describedby=\"wp-block-file--media-781a388d-1567-4773-ac98-d83af74ed129\">Herunterladen<\/a><\/div>\n\n\n\n<div class=\"wp-block-file\"><a id=\"wp-block-file--media-7e7f7a54-a34d-4526-8c4b-394ae51ce56f\" href=\"https:\/\/kks-minden.de\/wp-content\/uploads\/2023\/08\/Linie-5-Stadtbus-Minden-ZOB-Johannes-Wesling-Klinikum.pdf\">Linie-5-Stadtbus-Minden-ZOB-Johannes-Wesling-Klinikum<\/a><a href=\"https:\/\/kks-minden.de\/wp-content\/uploads\/2023\/08\/Linie-5-Stadtbus-Minden-ZOB-Johannes-Wesling-Klinikum.pdf\" class=\"wp-block-file__button wp-element-button\" download aria-describedby=\"wp-block-file--media-7e7f7a54-a34d-4526-8c4b-394ae51ce56f\">Herunterladen<\/a><\/div>\n","protected":false},"excerpt":{"rendered":"<p>Liebe Sch\u00fclerinnen und Sch\u00fcler, sehr geehrte Erziehungsberechtigte, am Montag, 07. August 2023, beginnt das neue Schuljahr im neuen Schulgeb\u00e4ude am Sch\u00fclerweg 11 in 32429 Minden. Der Unterricht beginnt um 8.00 Uhr und endet um 11.20 Uhr. Ab Dienstag 08. August 2023 findet der Unterricht nach Plan statt. Den Busfahrplan zum neuen Schulgeb\u00e4ude findet ihr als<span class=\"continue-reading\"> <a href=\"https:\/\/kks-minden.de\/?p=668\">[&#8230;]weiter lesen &raquo;<\/a><\/span><\/p>\n","protected":false},"author":1,"featured_media":676,"comment_status":"closed","ping_status":"closed","sticky":false,"template":"","format":"standard","meta":{"ngg_post_thumbnail":0},"categories":[1],"tags":[],"jetpack_featured_media_url":"https:\/\/kks-minden.de\/wp-content\/uploads\/2023\/08\/pexels-photo-5088021.jpeg","_links":{"self":[{"href":"https:\/\/kks-minden.de\/index.php?rest_route=\/wp\/v2\/posts\/668"}],"collection":[{"href":"https:\/\/kks-minden.de\/index.php?rest_route=\/wp\/v2\/posts"}],"about":[{"href":"https:\/\/kks-minden.de\/index.php?rest_route=\/wp\/v2\/types\/post"}],"author":[{"embeddable":true,"href":"https:\/\/kks-minden.de\/index.php?rest_route=\/wp\/v2\/users\/1"}],"replies":[{"embeddable":true,"href":"https:\/\/kks-minden.de\/index.php?rest_route=%2Fwp%2Fv2%2Fcomments&post=668"}],"version-history":[{"count":1,"href":"https:\/\/kks-minden.de\/index.php?rest_route=\/wp\/v2\/posts\/668\/revisions"}],"predecessor-version":[{"id":677,"href":"https:\/\/kks-minden.de\/index.php?rest_route=\/wp\/v2\/posts\/668\/revisions\/677"}],"wp:featuredmedia":[{"embeddable":true,"href":"https:\/\/kks-minden.de\/index.php?rest_route=\/wp\/v2\/media\/676"}],"wp:attachment":[{"href":"https:\/\/kks-minden.de\/index.php?rest_route=%2Fwp%2Fv2%2Fmedia&parent=668"}],"wp:term":[{"taxonomy":"category","embeddable":true,"href":"https:\/\/kks-minden.de\/index.php?rest_route=%2Fwp%2Fv2%2Fcategories&post=668"},{"taxonomy":"post_tag","embeddable":true,"href":"https:\/\/kks-minden.de\/index.php?rest_route=%2Fwp%2Fv2%2Ftags&post=668"}],"curies":[{"name":"wp","href":"https:\/\/api.w.org\/{rel}","templated":true}]}}