{"id":653,"date":"2023-05-22T11:07:54","date_gmt":"2023-05-22T09:07:54","guid":{"rendered":"https:\/\/kks-minden.de\/?p=653"},"modified":"2023-05-22T11:08:30","modified_gmt":"2023-05-22T09:08:30","slug":"elterninformationsabend-umzug-neue-schule","status":"publish","type":"post","link":"https:\/\/kks-minden.de\/?p=653","title":{"rendered":"Elterninformationsabend \u2013 Umzug \u201eNeue Schule\u201c"},"content":{"rendered":"\n<p>Liebe Eltern und Erziehungsberechtigte,<\/p>\n\n\n\n<p>es dauert nicht mehr lange bis zu den Sommerferien \u2013 und das n\u00e4chste Schuljahr starten  wir im neuen Schulgeb\u00e4ude in H\u00e4verst\u00e4dt gemeinsam mit der Sekundarschule am Wiehen.<\/p>\n\n\n\n<p>Das neue Schulgeb\u00e4ude ist wirklich sch\u00f6n, hell und modern und bietet vielf\u00e4ltige M\u00f6glichkeiten.<\/p>\n\n\n\n<p>Die Umzugsplanung ist bereits in vollem Gange, es werden Kartons gepackt und beschriftet, Dinge aussortiert und was sonst noch so dazugeh\u00f6rt.<\/p>\n\n\n\n<p>Wir m\u00f6chten Sie als Eltern \u00fcber die Planungen f\u00fcr den Umzug, \u00fcber das neue Geb\u00e4ude, die geplanten Schulbusse und alles Wesentliche informieren und laden Sie herzlich<\/p>\n\n\n\n<p><strong>am Mittwoch, 24.05.2023 um 19.00 Uhr<\/strong><\/p>\n\n\n\n<p>in die Aula der K\u00e4the-Kollwitz-Realschule ein. Gern beantworten wir dann auch Ihre Fragen, sofern das zu diesem Zeitpunkt m\u00f6glich ist.<\/p>\n\n\n\n<p>Wir w\u00fcrden uns freuen, Sie am 24.05.2023 in der Aula begr\u00fc\u00dfen zu d\u00fcrfen.<\/p>\n\n\n\n<p>Hinweis: Es stehen an diesem Abend auch zwei Dolmetscher f\u00fcr Russisch und Arabisch zur Verf\u00fcgung.<\/p>\n\n\n\n<p>Mit freundlichen Gr\u00fc\u00dfen<\/p>\n\n\n\n<p>(Katja Bensch)<\/p>\n\n\n\n<p>Schulleitung<\/p>\n","protected":false},"excerpt":{"rendered":"<p>Liebe Eltern und Erziehungsberechtigte, es dauert nicht mehr lange bis zu den Sommerferien \u2013 und das n\u00e4chste Schuljahr starten wir im neuen Schulgeb\u00e4ude in H\u00e4verst\u00e4dt gemeinsam mit der Sekundarschule am Wiehen. Das neue Schulgeb\u00e4ude ist wirklich sch\u00f6n, hell und modern und bietet vielf\u00e4ltige M\u00f6glichkeiten. Die Umzugsplanung ist bereits in vollem Gange, es werden Kartons gepackt<span class=\"continue-reading\"> <a href=\"https:\/\/kks-minden.de\/?p=653\">[&#8230;]weiter lesen &raquo;<\/a><\/span><\/p>\n","protected":false},"author":1,"featured_media":654,"comment_status":"closed","ping_status":"closed","sticky":false,"template":"","format":"standard","meta":{"ngg_post_thumbnail":0},"categories":[1],"tags":[],"jetpack_featured_media_url":"https:\/\/kks-minden.de\/wp-content\/uploads\/2023\/05\/pexels-photo-4246202.jpeg","_links":{"self":[{"href":"https:\/\/kks-minden.de\/index.php?rest_route=\/wp\/v2\/posts\/653"}],"collection":[{"href":"https:\/\/kks-minden.de\/index.php?rest_route=\/wp\/v2\/posts"}],"about":[{"href":"https:\/\/kks-minden.de\/index.php?rest_route=\/wp\/v2\/types\/post"}],"author":[{"embeddable":true,"href":"https:\/\/kks-minden.de\/index.php?rest_route=\/wp\/v2\/users\/1"}],"replies":[{"embeddable":true,"href":"https:\/\/kks-minden.de\/index.php?rest_route=%2Fwp%2Fv2%2Fcomments&post=653"}],"version-history":[{"count":2,"href":"https:\/\/kks-minden.de\/index.php?rest_route=\/wp\/v2\/posts\/653\/revisions"}],"predecessor-version":[{"id":656,"href":"https:\/\/kks-minden.de\/index.php?rest_route=\/wp\/v2\/posts\/653\/revisions\/656"}],"wp:featuredmedia":[{"embeddable":true,"href":"https:\/\/kks-minden.de\/index.php?rest_route=\/wp\/v2\/media\/654"}],"wp:attachment":[{"href":"https:\/\/kks-minden.de\/index.php?rest_route=%2Fwp%2Fv2%2Fmedia&parent=653"}],"wp:term":[{"taxonomy":"category","embeddable":true,"href":"https:\/\/kks-minden.de\/index.php?rest_route=%2Fwp%2Fv2%2Fcategories&post=653"},{"taxonomy":"post_tag","embeddable":true,"href":"https:\/\/kks-minden.de\/index.php?rest_route=%2Fwp%2Fv2%2Ftags&post=653"}],"curies":[{"name":"wp","href":"https:\/\/api.w.org\/{rel}","templated":true}]}}