{"id":648,"date":"2023-05-15T14:12:48","date_gmt":"2023-05-15T12:12:48","guid":{"rendered":"https:\/\/kks-minden.de\/?p=648"},"modified":"2023-05-15T14:12:48","modified_gmt":"2023-05-15T12:12:48","slug":"ferienspiele-sommer-2023","status":"publish","type":"post","link":"https:\/\/kks-minden.de\/?p=648","title":{"rendered":"Ferienspiele Sommer 2023"},"content":{"rendered":"\n<p>Wann: 26.06. &#8211; 30.06.2023<\/p>\n\n\n\n<p>Was: Ferienspiele! Kreative Aktionen, gemeinsame Zeit, spannende Ausfl\u00fcge!<\/p>\n\n\n\n<p>Meldet euch an! \ud83d\ude42<\/p>\n\n\n\n<p>Seit 2017 machen wir \u00fcber die Schulsozialarbeit ein eigenes Ferienangebot f\u00fcr 12-16-j\u00e4hrige Sch\u00fcler<em>. <\/em>Wir haben das zun\u00e4chst gemacht, um besonders Sch\u00fcler, die neu in Deutschland waren und nicht verreisen konnten, ein Ferienhighlight zu bieten.<br>Mittlerweile nehmen aber auch viele andere Jugendliche aus unseren Schulen teil, die die Schulsozialarbeit schon einmal kennengelernt haben.<\/p>\n\n\n\n<div class=\"wp-block-file\"><object class=\"wp-block-file__embed\" data=\"https:\/\/kks-minden.de\/wp-content\/uploads\/2023\/05\/Flyer-Ferienspiele-2023.pdf\" type=\"application\/pdf\" style=\"width:100%;height:600px\" aria-label=\"Einbettung von Einbettung von Flyer-Ferienspiele-2023..\"><\/object><a id=\"wp-block-file--media-b1dc2a5c-6a8e-434b-9f3f-55f3c4f1a2fe\" href=\"https:\/\/kks-minden.de\/wp-content\/uploads\/2023\/05\/Flyer-Ferienspiele-2023.pdf\">Flyer-Ferienspiele-2023<\/a><a href=\"https:\/\/kks-minden.de\/wp-content\/uploads\/2023\/05\/Flyer-Ferienspiele-2023.pdf\" class=\"wp-block-file__button\" download aria-describedby=\"wp-block-file--media-b1dc2a5c-6a8e-434b-9f3f-55f3c4f1a2fe\">Herunterladen<\/a><\/div>\n","protected":false},"excerpt":{"rendered":"<p>Wann: 26.06. &#8211; 30.06.2023 Was: Ferienspiele! Kreative Aktionen, gemeinsame Zeit, spannende Ausfl\u00fcge! Meldet euch an! \ud83d\ude42 Seit 2017 machen wir \u00fcber die Schulsozialarbeit ein eigenes Ferienangebot f\u00fcr 12-16-j\u00e4hrige Sch\u00fcler. Wir haben das zun\u00e4chst gemacht, um besonders Sch\u00fcler, die neu in Deutschland waren und nicht verreisen konnten, ein Ferienhighlight zu bieten.Mittlerweile nehmen aber auch viele andere<span class=\"continue-reading\"> <a href=\"https:\/\/kks-minden.de\/?p=648\">[&#8230;]weiter lesen &raquo;<\/a><\/span><\/p>\n","protected":false},"author":1,"featured_media":650,"comment_status":"closed","ping_status":"closed","sticky":false,"template":"","format":"standard","meta":{"ngg_post_thumbnail":0},"categories":[1],"tags":[],"jetpack_featured_media_url":"https:\/\/kks-minden.de\/wp-content\/uploads\/2023\/05\/pexels-photo-7292818.jpeg","_links":{"self":[{"href":"https:\/\/kks-minden.de\/index.php?rest_route=\/wp\/v2\/posts\/648"}],"collection":[{"href":"https:\/\/kks-minden.de\/index.php?rest_route=\/wp\/v2\/posts"}],"about":[{"href":"https:\/\/kks-minden.de\/index.php?rest_route=\/wp\/v2\/types\/post"}],"author":[{"embeddable":true,"href":"https:\/\/kks-minden.de\/index.php?rest_route=\/wp\/v2\/users\/1"}],"replies":[{"embeddable":true,"href":"https:\/\/kks-minden.de\/index.php?rest_route=%2Fwp%2Fv2%2Fcomments&post=648"}],"version-history":[{"count":1,"href":"https:\/\/kks-minden.de\/index.php?rest_route=\/wp\/v2\/posts\/648\/revisions"}],"predecessor-version":[{"id":651,"href":"https:\/\/kks-minden.de\/index.php?rest_route=\/wp\/v2\/posts\/648\/revisions\/651"}],"wp:featuredmedia":[{"embeddable":true,"href":"https:\/\/kks-minden.de\/index.php?rest_route=\/wp\/v2\/media\/650"}],"wp:attachment":[{"href":"https:\/\/kks-minden.de\/index.php?rest_route=%2Fwp%2Fv2%2Fmedia&parent=648"}],"wp:term":[{"taxonomy":"category","embeddable":true,"href":"https:\/\/kks-minden.de\/index.php?rest_route=%2Fwp%2Fv2%2Fcategories&post=648"},{"taxonomy":"post_tag","embeddable":true,"href":"https:\/\/kks-minden.de\/index.php?rest_route=%2Fwp%2Fv2%2Ftags&post=648"}],"curies":[{"name":"wp","href":"https:\/\/api.w.org\/{rel}","templated":true}]}}