{"id":634,"date":"2023-03-05T15:15:42","date_gmt":"2023-03-05T14:15:42","guid":{"rendered":"https:\/\/kks-minden.de\/?p=634"},"modified":"2023-03-05T15:15:42","modified_gmt":"2023-03-05T14:15:42","slug":"paedagogischer-tag-10-3-23","status":"publish","type":"post","link":"https:\/\/kks-minden.de\/?p=634","title":{"rendered":"P\u00e4dagogischer Tag 10.3.23"},"content":{"rendered":"\n<p>Liebe Eltern und Erziehungsberechtigte, liebe Sch\u00fclerinnen und Sch\u00fcler.<\/p>\n\n\n\n<p>Im Hinblick auf den bevorstehenden Umzug der K\u00e4the-Kollwitz-Realschule und der Sekundarschule am Wiehen in das neue Geb\u00e4ude in H\u00e4verst\u00e4dt findet am Freitag, 10.03.2023 ein p\u00e4dagogischer Tag statt.<\/p>\n\n\n\n<p>F\u00fcr die Sch\u00fclerinnen und Sch\u00fcler ist unterrichtsfrei.<\/p>\n\n\n\n<p>Alle Sch\u00fclerinnen und Sch\u00fcler erhalten f\u00fcr diesen Tag Aufgaben, die zuhause bearbeitet werden sollen.<\/p>\n\n\n\n<p>Die Bearbeitung der Aufgaben hat selbstverst\u00e4ndlich Einfluss auf die Notengebung in den jeweiligen F\u00e4chern und sollte daher ordentlich ausgef\u00fchrt werden.<\/p>\n\n\n\n<p>Mit freundlichen Gr\u00fc\u00dfen<\/p>\n\n\n\n<p>K. Bensch, Schulleiterin<\/p>\n","protected":false},"excerpt":{"rendered":"<p>Liebe Eltern und Erziehungsberechtigte, liebe Sch\u00fclerinnen und Sch\u00fcler. Im Hinblick auf den bevorstehenden Umzug der K\u00e4the-Kollwitz-Realschule und der Sekundarschule am Wiehen in das neue Geb\u00e4ude in H\u00e4verst\u00e4dt findet am Freitag, 10.03.2023 ein p\u00e4dagogischer Tag statt. F\u00fcr die Sch\u00fclerinnen und Sch\u00fcler ist unterrichtsfrei. Alle Sch\u00fclerinnen und Sch\u00fcler erhalten f\u00fcr diesen Tag Aufgaben, die zuhause bearbeitet werden<span class=\"continue-reading\"> <a href=\"https:\/\/kks-minden.de\/?p=634\">[&#8230;]weiter lesen &raquo;<\/a><\/span><\/p>\n","protected":false},"author":1,"featured_media":318,"comment_status":"closed","ping_status":"closed","sticky":false,"template":"","format":"standard","meta":{"ngg_post_thumbnail":0},"categories":[1],"tags":[],"jetpack_featured_media_url":"https:\/\/kks-minden.de\/wp-content\/uploads\/2021\/03\/pexels-photo-5849597.jpeg","_links":{"self":[{"href":"https:\/\/kks-minden.de\/index.php?rest_route=\/wp\/v2\/posts\/634"}],"collection":[{"href":"https:\/\/kks-minden.de\/index.php?rest_route=\/wp\/v2\/posts"}],"about":[{"href":"https:\/\/kks-minden.de\/index.php?rest_route=\/wp\/v2\/types\/post"}],"author":[{"embeddable":true,"href":"https:\/\/kks-minden.de\/index.php?rest_route=\/wp\/v2\/users\/1"}],"replies":[{"embeddable":true,"href":"https:\/\/kks-minden.de\/index.php?rest_route=%2Fwp%2Fv2%2Fcomments&post=634"}],"version-history":[{"count":1,"href":"https:\/\/kks-minden.de\/index.php?rest_route=\/wp\/v2\/posts\/634\/revisions"}],"predecessor-version":[{"id":635,"href":"https:\/\/kks-minden.de\/index.php?rest_route=\/wp\/v2\/posts\/634\/revisions\/635"}],"wp:featuredmedia":[{"embeddable":true,"href":"https:\/\/kks-minden.de\/index.php?rest_route=\/wp\/v2\/media\/318"}],"wp:attachment":[{"href":"https:\/\/kks-minden.de\/index.php?rest_route=%2Fwp%2Fv2%2Fmedia&parent=634"}],"wp:term":[{"taxonomy":"category","embeddable":true,"href":"https:\/\/kks-minden.de\/index.php?rest_route=%2Fwp%2Fv2%2Fcategories&post=634"},{"taxonomy":"post_tag","embeddable":true,"href":"https:\/\/kks-minden.de\/index.php?rest_route=%2Fwp%2Fv2%2Ftags&post=634"}],"curies":[{"name":"wp","href":"https:\/\/api.w.org\/{rel}","templated":true}]}}