{"id":629,"date":"2023-02-05T15:12:38","date_gmt":"2023-02-05T14:12:38","guid":{"rendered":"https:\/\/kks-minden.de\/?p=629"},"modified":"2023-02-05T15:13:37","modified_gmt":"2023-02-05T14:13:37","slug":"hinweis-zur-aufhebung-der-corona-schutzmassnahmen","status":"publish","type":"post","link":"https:\/\/kks-minden.de\/?p=629","title":{"rendered":"Hinweis zur Aufhebung der Corona-Schutzma\u00dfnahmen"},"content":{"rendered":"\n<p>Liebe Eltern und liebe Sch\u00fcler,<\/p>\n\n\n\n<p>Im Anhang finden Sie die ministeriellen Informationen zur weitgehenden Aufhebung der Corona-Schutzma\u00dfnahmen durch das Land NRW ab dem 1. Februar.<\/p>\n\n\n\n<p>Die wichtigsten Informationen:<\/p>\n\n\n\n<ul><li>Die 5-t\u00e4gige Isolation im Falle einer positiven Testung entf\u00e4llt. Kinder, die krank sind, bleiben bitte zu Hause. <\/li><li>Testungen in der Schule finden nicht mehr statt. <\/li><li>Das Tragen einer Maske ist freiwillig.<\/li><\/ul>\n\n\n\n<div class=\"wp-block-file\"><object class=\"wp-block-file__embed\" data=\"https:\/\/kks-minden.de\/wp-content\/uploads\/2023\/02\/Brief-der-Ministerin-an-die-Eltern-und-Erziehungsberechtigten.pdf\" type=\"application\/pdf\" style=\"width:100%;height:600px\" aria-label=\"Einbettung von Einbettung von Brief-der-Ministerin-an-die-Eltern-und-Erziehungsberechtigten..\"><\/object><a id=\"wp-block-file--media-7c21ca3e-4164-4c58-aa6c-9c51a952908e\" href=\"https:\/\/kks-minden.de\/wp-content\/uploads\/2023\/02\/Brief-der-Ministerin-an-die-Eltern-und-Erziehungsberechtigten.pdf\">Brief-der-Ministerin-an-die-Eltern-und-Erziehungsberechtigten<\/a><a href=\"https:\/\/kks-minden.de\/wp-content\/uploads\/2023\/02\/Brief-der-Ministerin-an-die-Eltern-und-Erziehungsberechtigten.pdf\" class=\"wp-block-file__button\" download aria-describedby=\"wp-block-file--media-7c21ca3e-4164-4c58-aa6c-9c51a952908e\">Herunterladen<\/a><\/div>\n\n\n\n<p>Beste Gr\u00fc\u00dfe<\/p>\n\n\n\n<p>Das Team von der K\u00e4the<\/p>\n","protected":false},"excerpt":{"rendered":"<p>Liebe Eltern und liebe Sch\u00fcler, Im Anhang finden Sie die ministeriellen Informationen zur weitgehenden Aufhebung der Corona-Schutzma\u00dfnahmen durch das Land NRW ab dem 1. Februar. Die wichtigsten Informationen: Die 5-t\u00e4gige Isolation im Falle einer positiven Testung entf\u00e4llt. Kinder, die krank sind, bleiben bitte zu Hause. Testungen in der Schule finden nicht mehr statt. Das Tragen<span class=\"continue-reading\"> <a href=\"https:\/\/kks-minden.de\/?p=629\">[&#8230;]weiter lesen &raquo;<\/a><\/span><\/p>\n","protected":false},"author":1,"featured_media":318,"comment_status":"closed","ping_status":"closed","sticky":false,"template":"","format":"standard","meta":{"ngg_post_thumbnail":0},"categories":[1],"tags":[],"jetpack_featured_media_url":"https:\/\/kks-minden.de\/wp-content\/uploads\/2021\/03\/pexels-photo-5849597.jpeg","_links":{"self":[{"href":"https:\/\/kks-minden.de\/index.php?rest_route=\/wp\/v2\/posts\/629"}],"collection":[{"href":"https:\/\/kks-minden.de\/index.php?rest_route=\/wp\/v2\/posts"}],"about":[{"href":"https:\/\/kks-minden.de\/index.php?rest_route=\/wp\/v2\/types\/post"}],"author":[{"embeddable":true,"href":"https:\/\/kks-minden.de\/index.php?rest_route=\/wp\/v2\/users\/1"}],"replies":[{"embeddable":true,"href":"https:\/\/kks-minden.de\/index.php?rest_route=%2Fwp%2Fv2%2Fcomments&post=629"}],"version-history":[{"count":2,"href":"https:\/\/kks-minden.de\/index.php?rest_route=\/wp\/v2\/posts\/629\/revisions"}],"predecessor-version":[{"id":632,"href":"https:\/\/kks-minden.de\/index.php?rest_route=\/wp\/v2\/posts\/629\/revisions\/632"}],"wp:featuredmedia":[{"embeddable":true,"href":"https:\/\/kks-minden.de\/index.php?rest_route=\/wp\/v2\/media\/318"}],"wp:attachment":[{"href":"https:\/\/kks-minden.de\/index.php?rest_route=%2Fwp%2Fv2%2Fmedia&parent=629"}],"wp:term":[{"taxonomy":"category","embeddable":true,"href":"https:\/\/kks-minden.de\/index.php?rest_route=%2Fwp%2Fv2%2Fcategories&post=629"},{"taxonomy":"post_tag","embeddable":true,"href":"https:\/\/kks-minden.de\/index.php?rest_route=%2Fwp%2Fv2%2Ftags&post=629"}],"curies":[{"name":"wp","href":"https:\/\/api.w.org\/{rel}","templated":true}]}}