{"id":624,"date":"2023-01-15T10:08:19","date_gmt":"2023-01-15T09:08:19","guid":{"rendered":"https:\/\/kks-minden.de\/?p=624"},"modified":"2023-01-15T10:10:19","modified_gmt":"2023-01-15T09:10:19","slug":"termine-im-neuen-jahr","status":"publish","type":"post","link":"https:\/\/kks-minden.de\/?p=624","title":{"rendered":"Termine im neuen Jahr!"},"content":{"rendered":"\n<p>Liebe Sch\u00fcler und liebe Eltern!<\/p>\n\n\n\n<p>Das neue Schuljahr nimmt Fahrt auf und wir haben einige Informationen und Termine f\u00fcr Euch \/ Sie!<\/p>\n\n\n\n<ul><li>In der <strong>kommenden Woche<\/strong> finden <strong>f\u00fcr alle Klassen Tagesausfl\u00fcge<\/strong> statt, was auch zu \u00c4nderungen im Stundenplan f\u00fchrt. Die Klassen und Eltern sind \u00fcber <strong>Elternbriefe<\/strong> individuell informiert worden.<\/li><\/ul>\n\n\n\n<ul><li>Am <strong>Dienstag, 17.01.2023<\/strong>, wird an der &#8222;K\u00e4the&#8220; das <strong>Theaterst\u00fcck &#8222;Fake oder war doch nur Spa\u00df&#8220;<\/strong> vom Ensemble &#8222;Radik&#8220; f\u00fcr alle Sch\u00fclerinnen in <strong>zwei Vorstellungen (8:30 Uhr und 10:30 Uhr)<\/strong> aufgef\u00fchrt.<br>Zur ersten Vorstellung kommen Sch\u00fclerinnen der F\u00f6rderschule Rodenbeck als G\u00e4ste dazu. Es entstehen erfreulicherweise <strong>keine Kosten f\u00fcr die Sch\u00fcler*innen<\/strong>.<br><\/li><li>Am <strong>Freitag, 20.01.2023<\/strong>, findet in der vierten Stunde die Vergabe der <strong>Halbjahreszeugnisse<\/strong> statt. Danach haben die Sch\u00fcler*innen Schulschluss.<br><\/li><li>Am <strong>Montag, 23.01.2023<\/strong>, und am <strong>Dienstag, 24.01.2023<\/strong>, sind <strong>bewegliche Ferientage<\/strong>.<br><\/li><li>F\u00fcr die Sch\u00fcler*innen des <strong>Jahrgangs 9<\/strong> beginnt am Montag, 23.01.2023, ein <strong>dreiw\u00f6chiges Betriebspraktikum<\/strong>.<br><br><em>Einen guten Start in das Jahr 2023 w\u00fcnscht euch und Ihnen das Team der K\u00e4the!<\/em><\/li><\/ul>\n\n\n\n<figure class=\"wp-block-image size-full\"><img decoding=\"async\" loading=\"lazy\" width=\"1880\" height=\"1253\" src=\"https:\/\/kks-minden.de\/wp-content\/uploads\/2023\/01\/pexels-photo-1441460.jpeg\" alt=\"green plants on black soil\" class=\"wp-image-625\" srcset=\"https:\/\/kks-minden.de\/wp-content\/uploads\/2023\/01\/pexels-photo-1441460.jpeg 1880w, https:\/\/kks-minden.de\/wp-content\/uploads\/2023\/01\/pexels-photo-1441460-300x200.jpeg 300w, https:\/\/kks-minden.de\/wp-content\/uploads\/2023\/01\/pexels-photo-1441460-1024x682.jpeg 1024w, https:\/\/kks-minden.de\/wp-content\/uploads\/2023\/01\/pexels-photo-1441460-768x512.jpeg 768w, https:\/\/kks-minden.de\/wp-content\/uploads\/2023\/01\/pexels-photo-1441460-1536x1024.jpeg 1536w, https:\/\/kks-minden.de\/wp-content\/uploads\/2023\/01\/pexels-photo-1441460-624x416.jpeg 624w\" sizes=\"(max-width: 1880px) 100vw, 1880px\" \/><figcaption>Photo by Sudipta Mondal on <a rel=\"nofollow\" href=\"https:\/\/www.pexels.com\/photo\/green-plants-on-black-soil-1441460\/\">Pexels.com<\/a><\/figcaption><\/figure>\n","protected":false},"excerpt":{"rendered":"<p>Liebe Sch\u00fcler und liebe Eltern! Das neue Schuljahr nimmt Fahrt auf und wir haben einige Informationen und Termine f\u00fcr Euch \/ Sie! In der kommenden Woche finden f\u00fcr alle Klassen Tagesausfl\u00fcge statt, was auch zu \u00c4nderungen im Stundenplan f\u00fchrt. Die Klassen und Eltern sind \u00fcber Elternbriefe individuell informiert worden. Am Dienstag, 17.01.2023, wird an der<span class=\"continue-reading\"> <a href=\"https:\/\/kks-minden.de\/?p=624\">[&#8230;]weiter lesen &raquo;<\/a><\/span><\/p>\n","protected":false},"author":1,"featured_media":601,"comment_status":"closed","ping_status":"closed","sticky":false,"template":"","format":"standard","meta":{"ngg_post_thumbnail":0},"categories":[1],"tags":[],"jetpack_featured_media_url":"https:\/\/kks-minden.de\/wp-content\/uploads\/2022\/08\/pexels-photo-2831794.jpeg","_links":{"self":[{"href":"https:\/\/kks-minden.de\/index.php?rest_route=\/wp\/v2\/posts\/624"}],"collection":[{"href":"https:\/\/kks-minden.de\/index.php?rest_route=\/wp\/v2\/posts"}],"about":[{"href":"https:\/\/kks-minden.de\/index.php?rest_route=\/wp\/v2\/types\/post"}],"author":[{"embeddable":true,"href":"https:\/\/kks-minden.de\/index.php?rest_route=\/wp\/v2\/users\/1"}],"replies":[{"embeddable":true,"href":"https:\/\/kks-minden.de\/index.php?rest_route=%2Fwp%2Fv2%2Fcomments&post=624"}],"version-history":[{"count":2,"href":"https:\/\/kks-minden.de\/index.php?rest_route=\/wp\/v2\/posts\/624\/revisions"}],"predecessor-version":[{"id":627,"href":"https:\/\/kks-minden.de\/index.php?rest_route=\/wp\/v2\/posts\/624\/revisions\/627"}],"wp:featuredmedia":[{"embeddable":true,"href":"https:\/\/kks-minden.de\/index.php?rest_route=\/wp\/v2\/media\/601"}],"wp:attachment":[{"href":"https:\/\/kks-minden.de\/index.php?rest_route=%2Fwp%2Fv2%2Fmedia&parent=624"}],"wp:term":[{"taxonomy":"category","embeddable":true,"href":"https:\/\/kks-minden.de\/index.php?rest_route=%2Fwp%2Fv2%2Fcategories&post=624"},{"taxonomy":"post_tag","embeddable":true,"href":"https:\/\/kks-minden.de\/index.php?rest_route=%2Fwp%2Fv2%2Ftags&post=624"}],"curies":[{"name":"wp","href":"https:\/\/api.w.org\/{rel}","templated":true}]}}