{"id":619,"date":"2022-12-21T17:18:59","date_gmt":"2022-12-21T16:18:59","guid":{"rendered":"https:\/\/kks-minden.de\/?p=619"},"modified":"2022-12-21T17:18:59","modified_gmt":"2022-12-21T16:18:59","slug":"weihnachten-und-letzter-schultag","status":"publish","type":"post","link":"https:\/\/kks-minden.de\/?p=619","title":{"rendered":"Weihnachten und letzter Schultag"},"content":{"rendered":"\n<p>Liebe Eltern\/Erziehungsberechtigte, liebe Sch\u00fcler*innen,<\/p>\n\n\n\n<p>kurz vor den Weihnachtsferien m\u00f6chten wir Ihnen und euch noch einige kurze Hinweise geben:<\/p>\n\n\n\n<p>Am&nbsp;<strong>Donnerstag, 22.12.2022&nbsp;<\/strong>finden an der &#8222;K\u00e4the&#8220; vier Unterrichtsstunden statt.&nbsp;<strong>Schulschluss ist um 11:25 Uhr<\/strong>. Bitte beachtet\/ beachten Sie, dass&nbsp;<strong>keine zus\u00e4tzlichen Busse<\/strong>&nbsp;eingesetzt werden. Es w\u00e4re sch\u00f6n, wenn so viele Sch\u00fcler*innen wie m\u00f6glich eine Alternative finden w\u00fcrden, nach Hause zu kommen.<\/p>\n\n\n\n<p>Der Unterricht beginnt nach den Ferien am<strong>&nbsp;09.01.2023<\/strong>&nbsp;wie gewohnt zur ersten Stunde, also&nbsp;<strong>ab 7:50 Uhr<\/strong>.<\/p>\n\n\n\n<p>Dann noch ein weiterer Hinweis:<\/p>\n\n\n\n<p>Es gibt ein neues&nbsp;<strong>Handlungskonzept Corona<\/strong>, das im Wesentlichen die bisherigen Regeln fortschreibt.<br>Bei einem positiven Test ist eine f\u00fcnft\u00e4gige Isolation erforderlich. Die Z\u00e4hlung beginnt mit dem Tag nach der Testung. Ein erneutes Testen ist nicht erforderlich.<br>Das Tragen einer Maske wird weiterhin empfohlen.<br>Grunds\u00e4tzlich gilt, dass ein Kind bei deutlichen Krankheitssymptomen die Schule nicht besuchen sollte.<\/p>\n\n\n\n<p>Wir w\u00fcnschen Ihnen und euch ein&nbsp;<strong>friedliches &amp; sch\u00f6nes Weihnachtsfest<\/strong>&nbsp;im Kreise der Familie sowie ganz viel Zuversicht und Energie f\u00fcr das Jahr 2023.<\/p>\n\n\n\n<p>Au\u00dferdem sprechen wir den Eltern\/Erziehungsberechtigten&nbsp;<strong>herzlichen Dank<\/strong>&nbsp;f\u00fcr die gute Zusammenarbeit aus!<\/p>\n\n\n\n<p>Bis bald und liebe Gr\u00fc\u00dfe von der Schulleitung,<\/p>\n\n\n\n<p>dem Kollegium und vom weiteren Team der &#8222;K\u00e4the&#8220;<\/p>\n\n\n\n<figure class=\"wp-block-image size-full\"><img decoding=\"async\" loading=\"lazy\" width=\"640\" height=\"452\" src=\"https:\/\/kks-minden.de\/wp-content\/uploads\/2022\/12\/christmas-63345_640-696319299png.jpg\" alt=\"\" class=\"wp-image-620\" srcset=\"https:\/\/kks-minden.de\/wp-content\/uploads\/2022\/12\/christmas-63345_640-696319299png.jpg 640w, https:\/\/kks-minden.de\/wp-content\/uploads\/2022\/12\/christmas-63345_640-696319299png-300x212.jpg 300w, https:\/\/kks-minden.de\/wp-content\/uploads\/2022\/12\/christmas-63345_640-696319299png-624x441.jpg 624w\" sizes=\"(max-width: 640px) 100vw, 640px\" \/><\/figure>\n","protected":false},"excerpt":{"rendered":"<p>Liebe Eltern\/Erziehungsberechtigte, liebe Sch\u00fcler*innen, kurz vor den Weihnachtsferien m\u00f6chten wir Ihnen und euch noch einige kurze Hinweise geben: Am&nbsp;Donnerstag, 22.12.2022&nbsp;finden an der &#8222;K\u00e4the&#8220; vier Unterrichtsstunden statt.&nbsp;Schulschluss ist um 11:25 Uhr. Bitte beachtet\/ beachten Sie, dass&nbsp;keine zus\u00e4tzlichen Busse&nbsp;eingesetzt werden. Es w\u00e4re sch\u00f6n, wenn so viele Sch\u00fcler*innen wie m\u00f6glich eine Alternative finden w\u00fcrden, nach Hause zu kommen.<span class=\"continue-reading\"> <a href=\"https:\/\/kks-minden.de\/?p=619\">[&#8230;]weiter lesen &raquo;<\/a><\/span><\/p>\n","protected":false},"author":1,"featured_media":621,"comment_status":"closed","ping_status":"closed","sticky":false,"template":"","format":"standard","meta":{"ngg_post_thumbnail":0},"categories":[1],"tags":[],"jetpack_featured_media_url":"https:\/\/kks-minden.de\/wp-content\/uploads\/2022\/12\/czNmcy1wcml2YXRlL3Jhd3BpeGVsX2ltYWdlcy93ZWJzaXRlX2NvbnRlbnQvbHIvZmw1MDczNDI4NDQ3Mi1pbWFnZS1reWJlZWkxaC5qcGc.jpg","_links":{"self":[{"href":"https:\/\/kks-minden.de\/index.php?rest_route=\/wp\/v2\/posts\/619"}],"collection":[{"href":"https:\/\/kks-minden.de\/index.php?rest_route=\/wp\/v2\/posts"}],"about":[{"href":"https:\/\/kks-minden.de\/index.php?rest_route=\/wp\/v2\/types\/post"}],"author":[{"embeddable":true,"href":"https:\/\/kks-minden.de\/index.php?rest_route=\/wp\/v2\/users\/1"}],"replies":[{"embeddable":true,"href":"https:\/\/kks-minden.de\/index.php?rest_route=%2Fwp%2Fv2%2Fcomments&post=619"}],"version-history":[{"count":1,"href":"https:\/\/kks-minden.de\/index.php?rest_route=\/wp\/v2\/posts\/619\/revisions"}],"predecessor-version":[{"id":622,"href":"https:\/\/kks-minden.de\/index.php?rest_route=\/wp\/v2\/posts\/619\/revisions\/622"}],"wp:featuredmedia":[{"embeddable":true,"href":"https:\/\/kks-minden.de\/index.php?rest_route=\/wp\/v2\/media\/621"}],"wp:attachment":[{"href":"https:\/\/kks-minden.de\/index.php?rest_route=%2Fwp%2Fv2%2Fmedia&parent=619"}],"wp:term":[{"taxonomy":"category","embeddable":true,"href":"https:\/\/kks-minden.de\/index.php?rest_route=%2Fwp%2Fv2%2Fcategories&post=619"},{"taxonomy":"post_tag","embeddable":true,"href":"https:\/\/kks-minden.de\/index.php?rest_route=%2Fwp%2Fv2%2Ftags&post=619"}],"curies":[{"name":"wp","href":"https:\/\/api.w.org\/{rel}","templated":true}]}}