{"id":614,"date":"2022-11-03T13:24:37","date_gmt":"2022-11-03T12:24:37","guid":{"rendered":"https:\/\/kks-minden.de\/?p=614"},"modified":"2022-11-03T13:24:37","modified_gmt":"2022-11-03T12:24:37","slug":"beratungstage-sprechtage-fuer-eltern-und-schueler","status":"publish","type":"post","link":"https:\/\/kks-minden.de\/?p=614","title":{"rendered":"Beratungstage \/ Sprechtage f\u00fcr Eltern und Sch\u00fcler"},"content":{"rendered":"\n<p>Liebe Eltern, liebe Sch\u00fclerinnen und Sch\u00fcler!<\/p>\n\n\n\n<p>Am 17.11. und 18.11. finden an der K\u00e4the die Beratungstage \/ Elternsprechtage statt.<\/p>\n\n\n\n<p>Wie gewohnt, bekommt ihr Anmeldungszettel von Euren Klassenlehrern, mit denen Ihr euch Termine bei euren Klassenlehrern und Fachlehrern sichern k\u00f6nnt.<\/p>\n\n\n\n<p>Wir empfehlen euch dringend die Beratungstage mit Euren Eltern wahrzunehmen, damit ihr einen \u00dcberblick \u00fcber Eure Leistungen erhaltet und \u00fcber Probleme und Schwierigkeiten gesprochen werden kann.<\/p>\n\n\n\n<p>Ihr bekommt einen Elternbrief mit der Einladung zu den Beratungstagen von Euren Klassenlehrern!<\/p>\n","protected":false},"excerpt":{"rendered":"<p>Liebe Eltern, liebe Sch\u00fclerinnen und Sch\u00fcler! Am 17.11. und 18.11. finden an der K\u00e4the die Beratungstage \/ Elternsprechtage statt. Wie gewohnt, bekommt ihr Anmeldungszettel von Euren Klassenlehrern, mit denen Ihr euch Termine bei euren Klassenlehrern und Fachlehrern sichern k\u00f6nnt. Wir empfehlen euch dringend die Beratungstage mit Euren Eltern wahrzunehmen, damit ihr einen \u00dcberblick \u00fcber Eure<span class=\"continue-reading\"> <a href=\"https:\/\/kks-minden.de\/?p=614\">[&#8230;]weiter lesen &raquo;<\/a><\/span><\/p>\n","protected":false},"author":1,"featured_media":318,"comment_status":"closed","ping_status":"closed","sticky":false,"template":"","format":"standard","meta":{"ngg_post_thumbnail":0},"categories":[1],"tags":[],"jetpack_featured_media_url":"https:\/\/kks-minden.de\/wp-content\/uploads\/2021\/03\/pexels-photo-5849597.jpeg","_links":{"self":[{"href":"https:\/\/kks-minden.de\/index.php?rest_route=\/wp\/v2\/posts\/614"}],"collection":[{"href":"https:\/\/kks-minden.de\/index.php?rest_route=\/wp\/v2\/posts"}],"about":[{"href":"https:\/\/kks-minden.de\/index.php?rest_route=\/wp\/v2\/types\/post"}],"author":[{"embeddable":true,"href":"https:\/\/kks-minden.de\/index.php?rest_route=\/wp\/v2\/users\/1"}],"replies":[{"embeddable":true,"href":"https:\/\/kks-minden.de\/index.php?rest_route=%2Fwp%2Fv2%2Fcomments&post=614"}],"version-history":[{"count":1,"href":"https:\/\/kks-minden.de\/index.php?rest_route=\/wp\/v2\/posts\/614\/revisions"}],"predecessor-version":[{"id":615,"href":"https:\/\/kks-minden.de\/index.php?rest_route=\/wp\/v2\/posts\/614\/revisions\/615"}],"wp:featuredmedia":[{"embeddable":true,"href":"https:\/\/kks-minden.de\/index.php?rest_route=\/wp\/v2\/media\/318"}],"wp:attachment":[{"href":"https:\/\/kks-minden.de\/index.php?rest_route=%2Fwp%2Fv2%2Fmedia&parent=614"}],"wp:term":[{"taxonomy":"category","embeddable":true,"href":"https:\/\/kks-minden.de\/index.php?rest_route=%2Fwp%2Fv2%2Fcategories&post=614"},{"taxonomy":"post_tag","embeddable":true,"href":"https:\/\/kks-minden.de\/index.php?rest_route=%2Fwp%2Fv2%2Ftags&post=614"}],"curies":[{"name":"wp","href":"https:\/\/api.w.org\/{rel}","templated":true}]}}