{"id":588,"date":"2022-06-16T15:46:16","date_gmt":"2022-06-16T13:46:16","guid":{"rendered":"https:\/\/kks-minden.de\/?p=588"},"modified":"2022-06-16T15:46:16","modified_gmt":"2022-06-16T13:46:16","slug":"endspurt-vor-den-sommerferien","status":"publish","type":"post","link":"https:\/\/kks-minden.de\/?p=588","title":{"rendered":"Endspurt vor den Sommerferien"},"content":{"rendered":"\n<ul><li><strong><em>Am 17.06.2022 findet um 18:00 Uhr die Abschlussfeier mit Zeugnis\u00fcbergabe in der Aula der K\u00e4the-Kollwitz-Realschule statt.<\/em><\/strong><\/li><\/ul>\n\n\n\n<ul><li><strong><em>Am Montag, 20.06.2022 endet der Unterricht bereits um 11:25 Uhr aufgrund einer Lehrerkonferenz.<\/em><\/strong><\/li><\/ul>\n\n\n\n<ul><li><strong><em>Am Dienstag unternehmen die Jahrg\u00e4nge 6 und 7 jeweils einen Tagesausflug, wie in den Elternbriefen angek\u00fcndigt.<\/em><\/strong><\/li><\/ul>\n\n\n\n<ul><li><strong><em>Am Mittwoch, 22.06.2022 und am Donnerstag, 23.06.2022 findet das Projekt &#8222;Cool and easy&#8220; f\u00fcr den Jahrgang 8 statt.<\/em><\/strong><\/li><\/ul>\n\n\n\n<ul><li><strong><em>Am Donnerstag, 23.06.2022 unternimmt au\u00dferdem Jahrgang 9 einen Tagesausflug.<\/em><\/strong><\/li><\/ul>\n\n\n\n<ul><li><strong><em>Am Freitag, 24.06.2022 findet in der dritten Stunde die Zeugnis\u00fcbergabe f\u00fcr die Jahrg\u00e4nge 6-9 statt. Ab 10.35 Uhr geht es in die Sommerferien!<\/em><\/strong><\/li><\/ul>\n\n\n\n<p><strong><em>Sch\u00f6ne &amp; erholsame Sommerferien f\u00fcr euch alle &#8211;<\/em><\/strong><\/p>\n\n\n<div class=\"wp-block-image\">\n<figure class=\"aligncenter size-full is-resized\"><img decoding=\"async\" loading=\"lazy\" src=\"https:\/\/kks-minden.de\/wp-content\/uploads\/2022\/06\/pexels-photo-1209611.jpeg\" alt=\"summer letter cube on soil\" class=\"wp-image-589\" width=\"381\" height=\"229\" srcset=\"https:\/\/kks-minden.de\/wp-content\/uploads\/2022\/06\/pexels-photo-1209611.jpeg 1880w, https:\/\/kks-minden.de\/wp-content\/uploads\/2022\/06\/pexels-photo-1209611-300x181.jpeg 300w, https:\/\/kks-minden.de\/wp-content\/uploads\/2022\/06\/pexels-photo-1209611-1024x619.jpeg 1024w, https:\/\/kks-minden.de\/wp-content\/uploads\/2022\/06\/pexels-photo-1209611-768x464.jpeg 768w, https:\/\/kks-minden.de\/wp-content\/uploads\/2022\/06\/pexels-photo-1209611-1536x928.jpeg 1536w, https:\/\/kks-minden.de\/wp-content\/uploads\/2022\/06\/pexels-photo-1209611-624x377.jpeg 624w\" sizes=\"(max-width: 381px) 100vw, 381px\" \/><figcaption>Photo by Ylanite Koppens on <a href=\"https:\/\/www.pexels.com\/photo\/summer-letter-cube-on-soil-1209611\/\" rel=\"nofollow\">Pexels.com<\/a><\/figcaption><\/figure><\/div>\n\n\n<p><strong><em>euer Team von der &#8222;K\u00e4the&#8220;<\/em><\/strong><\/p>\n","protected":false},"excerpt":{"rendered":"<p>Am 17.06.2022 findet um 18:00 Uhr die Abschlussfeier mit Zeugnis\u00fcbergabe in der Aula der K\u00e4the-Kollwitz-Realschule statt. Am Montag, 20.06.2022 endet der Unterricht bereits um 11:25 Uhr aufgrund einer Lehrerkonferenz. Am Dienstag unternehmen die Jahrg\u00e4nge 6 und 7 jeweils einen Tagesausflug, wie in den Elternbriefen angek\u00fcndigt. Am Mittwoch, 22.06.2022 und am Donnerstag, 23.06.2022 findet das Projekt<span class=\"continue-reading\"> <a href=\"https:\/\/kks-minden.de\/?p=588\">[&#8230;]weiter lesen &raquo;<\/a><\/span><\/p>\n","protected":false},"author":1,"featured_media":590,"comment_status":"closed","ping_status":"closed","sticky":false,"template":"","format":"standard","meta":{"ngg_post_thumbnail":0},"categories":[1],"tags":[],"jetpack_featured_media_url":"https:\/\/kks-minden.de\/wp-content\/uploads\/2022\/06\/pexels-photo-1516440.jpeg","_links":{"self":[{"href":"https:\/\/kks-minden.de\/index.php?rest_route=\/wp\/v2\/posts\/588"}],"collection":[{"href":"https:\/\/kks-minden.de\/index.php?rest_route=\/wp\/v2\/posts"}],"about":[{"href":"https:\/\/kks-minden.de\/index.php?rest_route=\/wp\/v2\/types\/post"}],"author":[{"embeddable":true,"href":"https:\/\/kks-minden.de\/index.php?rest_route=\/wp\/v2\/users\/1"}],"replies":[{"embeddable":true,"href":"https:\/\/kks-minden.de\/index.php?rest_route=%2Fwp%2Fv2%2Fcomments&post=588"}],"version-history":[{"count":1,"href":"https:\/\/kks-minden.de\/index.php?rest_route=\/wp\/v2\/posts\/588\/revisions"}],"predecessor-version":[{"id":591,"href":"https:\/\/kks-minden.de\/index.php?rest_route=\/wp\/v2\/posts\/588\/revisions\/591"}],"wp:featuredmedia":[{"embeddable":true,"href":"https:\/\/kks-minden.de\/index.php?rest_route=\/wp\/v2\/media\/590"}],"wp:attachment":[{"href":"https:\/\/kks-minden.de\/index.php?rest_route=%2Fwp%2Fv2%2Fmedia&parent=588"}],"wp:term":[{"taxonomy":"category","embeddable":true,"href":"https:\/\/kks-minden.de\/index.php?rest_route=%2Fwp%2Fv2%2Fcategories&post=588"},{"taxonomy":"post_tag","embeddable":true,"href":"https:\/\/kks-minden.de\/index.php?rest_route=%2Fwp%2Fv2%2Ftags&post=588"}],"curies":[{"name":"wp","href":"https:\/\/api.w.org\/{rel}","templated":true}]}}