{"id":547,"date":"2022-04-25T14:53:23","date_gmt":"2022-04-25T12:53:23","guid":{"rendered":"https:\/\/kks-minden.de\/?p=547"},"modified":"2022-04-25T14:54:19","modified_gmt":"2022-04-25T12:54:19","slug":"klasse-leistung","status":"publish","type":"post","link":"https:\/\/kks-minden.de\/?p=547","title":{"rendered":"#Klasse Leistung!"},"content":{"rendered":"\n<p>Die SuS der Klasse 10c unserer Schule haben im Fach praktische Philosophie \u00fcber die Meinungsfreiheit nachgedacht. \u00dcber ihren Wert, die Entstehungsgeschichte sowie \u00fcber die Einschr\u00e4nkung dieses wichtigen Gutes. 2 richtig gute Podcasts sind dabei entstanden! Einfach mal reinh\u00f6ren!<\/p>\n\n\n\n<figure class=\"wp-block-audio\"><audio controls src=\"https:\/\/kks-minden.de\/wp-content\/uploads\/2022\/04\/Meinungsfreiheit-1.mp3\"><\/audio><figcaption>Justin &amp; Ayman (10C)<\/figcaption><\/figure>\n\n\n\n<figure class=\"wp-block-audio\"><audio controls src=\"https:\/\/kks-minden.de\/wp-content\/uploads\/2022\/04\/Meinungsfreiheit-2.mp3\"><\/audio><figcaption> Charline &amp; Noa (10C)<\/figcaption><\/figure>\n\n\n\n<p><\/p>\n","protected":false},"excerpt":{"rendered":"<p>Die SuS der Klasse 10c unserer Schule haben im Fach praktische Philosophie \u00fcber die Meinungsfreiheit nachgedacht. \u00dcber ihren Wert, die Entstehungsgeschichte sowie \u00fcber die Einschr\u00e4nkung dieses wichtigen Gutes. 2 richtig gute Podcasts sind dabei entstanden! Einfach mal reinh\u00f6ren!<\/p>\n","protected":false},"author":1,"featured_media":550,"comment_status":"closed","ping_status":"closed","sticky":false,"template":"","format":"standard","meta":{"ngg_post_thumbnail":0},"categories":[1],"tags":[],"jetpack_featured_media_url":"https:\/\/kks-minden.de\/wp-content\/uploads\/2022\/04\/pexels-photo-4717873.jpeg","_links":{"self":[{"href":"https:\/\/kks-minden.de\/index.php?rest_route=\/wp\/v2\/posts\/547"}],"collection":[{"href":"https:\/\/kks-minden.de\/index.php?rest_route=\/wp\/v2\/posts"}],"about":[{"href":"https:\/\/kks-minden.de\/index.php?rest_route=\/wp\/v2\/types\/post"}],"author":[{"embeddable":true,"href":"https:\/\/kks-minden.de\/index.php?rest_route=\/wp\/v2\/users\/1"}],"replies":[{"embeddable":true,"href":"https:\/\/kks-minden.de\/index.php?rest_route=%2Fwp%2Fv2%2Fcomments&post=547"}],"version-history":[{"count":2,"href":"https:\/\/kks-minden.de\/index.php?rest_route=\/wp\/v2\/posts\/547\/revisions"}],"predecessor-version":[{"id":552,"href":"https:\/\/kks-minden.de\/index.php?rest_route=\/wp\/v2\/posts\/547\/revisions\/552"}],"wp:featuredmedia":[{"embeddable":true,"href":"https:\/\/kks-minden.de\/index.php?rest_route=\/wp\/v2\/media\/550"}],"wp:attachment":[{"href":"https:\/\/kks-minden.de\/index.php?rest_route=%2Fwp%2Fv2%2Fmedia&parent=547"}],"wp:term":[{"taxonomy":"category","embeddable":true,"href":"https:\/\/kks-minden.de\/index.php?rest_route=%2Fwp%2Fv2%2Fcategories&post=547"},{"taxonomy":"post_tag","embeddable":true,"href":"https:\/\/kks-minden.de\/index.php?rest_route=%2Fwp%2Fv2%2Ftags&post=547"}],"curies":[{"name":"wp","href":"https:\/\/api.w.org\/{rel}","templated":true}]}}