{"id":531,"date":"2022-04-03T18:46:19","date_gmt":"2022-04-03T16:46:19","guid":{"rendered":"https:\/\/kks-minden.de\/?p=531"},"modified":"2022-04-03T18:47:51","modified_gmt":"2022-04-03T16:47:51","slug":"kreative-friedensbotschaften-der-klasse-10b","status":"publish","type":"post","link":"https:\/\/kks-minden.de\/?p=531","title":{"rendered":"Kreative Friedensbotschaften der Klasse 10b"},"content":{"rendered":"\n<p>Die Klasse 10B hat im Kunstunterricht zusammen mit ihrer Lehrerin Frau Elke Friedrich kreative Friedensbotschaften erstellt.<\/p>\n\n\n\n<p>Klicken sie auf den Beitrag, um die Beitr\u00e4ge der Sch\u00fclerinnen und Sch\u00fcler zu sehen.<\/p>\n\n\n\n<figure class=\"wp-block-image size-full is-style-rounded\"><img decoding=\"async\" loading=\"lazy\" width=\"850\" height=\"630\" src=\"https:\/\/kks-minden.de\/wp-content\/uploads\/2022\/04\/Alina-Schrader_.jpg\" alt=\"\" class=\"wp-image-532\" srcset=\"https:\/\/kks-minden.de\/wp-content\/uploads\/2022\/04\/Alina-Schrader_.jpg 850w, https:\/\/kks-minden.de\/wp-content\/uploads\/2022\/04\/Alina-Schrader_-300x222.jpg 300w, https:\/\/kks-minden.de\/wp-content\/uploads\/2022\/04\/Alina-Schrader_-768x569.jpg 768w, https:\/\/kks-minden.de\/wp-content\/uploads\/2022\/04\/Alina-Schrader_-624x462.jpg 624w\" sizes=\"(max-width: 850px) 100vw, 850px\" \/><figcaption>Alina Schrader 10b<\/figcaption><\/figure>\n\n\n\n<figure class=\"wp-block-image size-full is-style-rounded\"><img decoding=\"async\" loading=\"lazy\" width=\"850\" height=\"638\" src=\"https:\/\/kks-minden.de\/wp-content\/uploads\/2022\/04\/Dominik-Ickert_.jpg\" alt=\"\" class=\"wp-image-533\" srcset=\"https:\/\/kks-minden.de\/wp-content\/uploads\/2022\/04\/Dominik-Ickert_.jpg 850w, https:\/\/kks-minden.de\/wp-content\/uploads\/2022\/04\/Dominik-Ickert_-300x225.jpg 300w, https:\/\/kks-minden.de\/wp-content\/uploads\/2022\/04\/Dominik-Ickert_-768x576.jpg 768w, https:\/\/kks-minden.de\/wp-content\/uploads\/2022\/04\/Dominik-Ickert_-624x468.jpg 624w\" sizes=\"(max-width: 850px) 100vw, 850px\" \/><figcaption>Dominik Ickert 10b<\/figcaption><\/figure>\n\n\n\n<figure class=\"wp-block-image size-full is-style-rounded\"><img decoding=\"async\" loading=\"lazy\" width=\"850\" height=\"580\" src=\"https:\/\/kks-minden.de\/wp-content\/uploads\/2022\/04\/Janina-Tahiri_.jpg\" alt=\"\" class=\"wp-image-534\" srcset=\"https:\/\/kks-minden.de\/wp-content\/uploads\/2022\/04\/Janina-Tahiri_.jpg 850w, https:\/\/kks-minden.de\/wp-content\/uploads\/2022\/04\/Janina-Tahiri_-300x205.jpg 300w, https:\/\/kks-minden.de\/wp-content\/uploads\/2022\/04\/Janina-Tahiri_-768x524.jpg 768w, https:\/\/kks-minden.de\/wp-content\/uploads\/2022\/04\/Janina-Tahiri_-624x426.jpg 624w\" sizes=\"(max-width: 850px) 100vw, 850px\" \/><figcaption>Janina Tahiri 10b<\/figcaption><\/figure>\n\n\n\n<figure class=\"wp-block-image size-full\"><img decoding=\"async\" loading=\"lazy\" width=\"850\" height=\"604\" src=\"https:\/\/kks-minden.de\/wp-content\/uploads\/2022\/04\/Luisa-Lutjantschikow_.jpg\" alt=\"\" class=\"wp-image-538\" srcset=\"https:\/\/kks-minden.de\/wp-content\/uploads\/2022\/04\/Luisa-Lutjantschikow_.jpg 850w, https:\/\/kks-minden.de\/wp-content\/uploads\/2022\/04\/Luisa-Lutjantschikow_-300x213.jpg 300w, https:\/\/kks-minden.de\/wp-content\/uploads\/2022\/04\/Luisa-Lutjantschikow_-768x546.jpg 768w, https:\/\/kks-minden.de\/wp-content\/uploads\/2022\/04\/Luisa-Lutjantschikow_-624x443.jpg 624w\" sizes=\"(max-width: 850px) 100vw, 850px\" \/><figcaption>Luisa Lukjantschikow<\/figcaption><\/figure>\n\n\n\n<p><\/p>\n","protected":false},"excerpt":{"rendered":"<p>Die Klasse 10B hat im Kunstunterricht zusammen mit ihrer Lehrerin Frau Elke Friedrich kreative Friedensbotschaften erstellt. Klicken sie auf den Beitrag, um die Beitr\u00e4ge der Sch\u00fclerinnen und Sch\u00fcler zu sehen.<\/p>\n","protected":false},"author":1,"featured_media":535,"comment_status":"closed","ping_status":"open","sticky":false,"template":"","format":"standard","meta":{"ngg_post_thumbnail":0},"categories":[1],"tags":[],"jetpack_featured_media_url":"https:\/\/kks-minden.de\/wp-content\/uploads\/2022\/04\/pexels-photo-7048694.jpeg","_links":{"self":[{"href":"https:\/\/kks-minden.de\/index.php?rest_route=\/wp\/v2\/posts\/531"}],"collection":[{"href":"https:\/\/kks-minden.de\/index.php?rest_route=\/wp\/v2\/posts"}],"about":[{"href":"https:\/\/kks-minden.de\/index.php?rest_route=\/wp\/v2\/types\/post"}],"author":[{"embeddable":true,"href":"https:\/\/kks-minden.de\/index.php?rest_route=\/wp\/v2\/users\/1"}],"replies":[{"embeddable":true,"href":"https:\/\/kks-minden.de\/index.php?rest_route=%2Fwp%2Fv2%2Fcomments&post=531"}],"version-history":[{"count":3,"href":"https:\/\/kks-minden.de\/index.php?rest_route=\/wp\/v2\/posts\/531\/revisions"}],"predecessor-version":[{"id":539,"href":"https:\/\/kks-minden.de\/index.php?rest_route=\/wp\/v2\/posts\/531\/revisions\/539"}],"wp:featuredmedia":[{"embeddable":true,"href":"https:\/\/kks-minden.de\/index.php?rest_route=\/wp\/v2\/media\/535"}],"wp:attachment":[{"href":"https:\/\/kks-minden.de\/index.php?rest_route=%2Fwp%2Fv2%2Fmedia&parent=531"}],"wp:term":[{"taxonomy":"category","embeddable":true,"href":"https:\/\/kks-minden.de\/index.php?rest_route=%2Fwp%2Fv2%2Fcategories&post=531"},{"taxonomy":"post_tag","embeddable":true,"href":"https:\/\/kks-minden.de\/index.php?rest_route=%2Fwp%2Fv2%2Ftags&post=531"}],"curies":[{"name":"wp","href":"https:\/\/api.w.org\/{rel}","templated":true}]}}