{"id":525,"date":"2022-04-03T18:39:28","date_gmt":"2022-04-03T16:39:28","guid":{"rendered":"https:\/\/kks-minden.de\/?p=525"},"modified":"2022-04-25T14:47:32","modified_gmt":"2022-04-25T12:47:32","slug":"kaethes-kids-helfen","status":"publish","type":"post","link":"https:\/\/kks-minden.de\/?p=525","title":{"rendered":"K\u00e4thes Kids helfen!"},"content":{"rendered":"\n<p>Sch\u00fclerinnen und Sch\u00fcler des Jahrgangs 6 spendeten Hygieneartikel, Babykleidung und warme Decken f\u00fcr aus der Ukraine gefl\u00fcchtete Menschen. Herr Grabow war so freundlich, die schweren Kisten zur St.- Thomas &#8211; Kirche zu fahren. Von dort startete am 15.3.22 ein Hilfstransport nach Krakau. Alle Sch\u00fclerinnen und Sch\u00fcler hoffen sehr, dass ihre Spenden den Menschen helfen werden!<\/p>\n\n\n\n<figure class=\"wp-block-gallery has-nested-images columns-default is-cropped wp-block-gallery-1 is-layout-flex\">\n<figure class=\"wp-block-image size-large\"><img decoding=\"async\" loading=\"lazy\" width=\"641\" height=\"494\" data-id=\"526\"  src=\"https:\/\/kks-minden.de\/wp-content\/uploads\/2022\/04\/1649003625754.jpg\" alt=\"\" class=\"wp-image-526\" srcset=\"https:\/\/kks-minden.de\/wp-content\/uploads\/2022\/04\/1649003625754.jpg 641w, https:\/\/kks-minden.de\/wp-content\/uploads\/2022\/04\/1649003625754-300x231.jpg 300w, https:\/\/kks-minden.de\/wp-content\/uploads\/2022\/04\/1649003625754-624x481.jpg 624w\" sizes=\"(max-width: 641px) 100vw, 641px\" \/><\/figure>\n\n\n\n<figure class=\"wp-block-image size-large\"><img decoding=\"async\" loading=\"lazy\" width=\"688\" height=\"439\" data-id=\"527\"  src=\"https:\/\/kks-minden.de\/wp-content\/uploads\/2022\/04\/1649003625767.jpg\" alt=\"\" class=\"wp-image-527\" srcset=\"https:\/\/kks-minden.de\/wp-content\/uploads\/2022\/04\/1649003625767.jpg 688w, https:\/\/kks-minden.de\/wp-content\/uploads\/2022\/04\/1649003625767-300x191.jpg 300w, https:\/\/kks-minden.de\/wp-content\/uploads\/2022\/04\/1649003625767-624x398.jpg 624w\" sizes=\"(max-width: 688px) 100vw, 688px\" \/><\/figure>\n\n\n\n<figure class=\"wp-block-image size-large\"><img decoding=\"async\" loading=\"lazy\" width=\"694\" height=\"928\" data-id=\"528\"  src=\"https:\/\/kks-minden.de\/wp-content\/uploads\/2022\/04\/1649003625736.jpg\" alt=\"\" class=\"wp-image-528\" srcset=\"https:\/\/kks-minden.de\/wp-content\/uploads\/2022\/04\/1649003625736.jpg 694w, https:\/\/kks-minden.de\/wp-content\/uploads\/2022\/04\/1649003625736-224x300.jpg 224w, https:\/\/kks-minden.de\/wp-content\/uploads\/2022\/04\/1649003625736-624x834.jpg 624w\" sizes=\"(max-width: 694px) 100vw, 694px\" \/><\/figure>\n<\/figure>\n\n\n\n<figure class=\"wp-block-gallery has-nested-images columns-default is-cropped wp-block-gallery-3 is-layout-flex\">\n<figure class=\"wp-block-image size-large\"><img decoding=\"async\" loading=\"lazy\" width=\"1024\" height=\"768\" data-id=\"545\"  src=\"https:\/\/kks-minden.de\/wp-content\/uploads\/2022\/04\/IMG_0481-1024x768.jpg\" alt=\"\" class=\"wp-image-545\" srcset=\"https:\/\/kks-minden.de\/wp-content\/uploads\/2022\/04\/IMG_0481-1024x768.jpg 1024w, https:\/\/kks-minden.de\/wp-content\/uploads\/2022\/04\/IMG_0481-300x225.jpg 300w, https:\/\/kks-minden.de\/wp-content\/uploads\/2022\/04\/IMG_0481-768x576.jpg 768w, https:\/\/kks-minden.de\/wp-content\/uploads\/2022\/04\/IMG_0481-1536x1152.jpg 1536w, https:\/\/kks-minden.de\/wp-content\/uploads\/2022\/04\/IMG_0481-2048x1536.jpg 2048w, https:\/\/kks-minden.de\/wp-content\/uploads\/2022\/04\/IMG_0481-624x468.jpg 624w\" sizes=\"(max-width: 1024px) 100vw, 1024px\" \/><\/figure>\n\n\n\n<figure class=\"wp-block-image size-large\"><img decoding=\"async\" loading=\"lazy\" width=\"736\" height=\"1024\" data-id=\"543\"  src=\"https:\/\/kks-minden.de\/wp-content\/uploads\/2022\/04\/Bild_2-736x1024.jpeg\" alt=\"\" class=\"wp-image-543\" srcset=\"https:\/\/kks-minden.de\/wp-content\/uploads\/2022\/04\/Bild_2-736x1024.jpeg 736w, https:\/\/kks-minden.de\/wp-content\/uploads\/2022\/04\/Bild_2-216x300.jpeg 216w, https:\/\/kks-minden.de\/wp-content\/uploads\/2022\/04\/Bild_2-768x1069.jpeg 768w, https:\/\/kks-minden.de\/wp-content\/uploads\/2022\/04\/Bild_2-1103x1536.jpeg 1103w, https:\/\/kks-minden.de\/wp-content\/uploads\/2022\/04\/Bild_2-624x869.jpeg 624w, https:\/\/kks-minden.de\/wp-content\/uploads\/2022\/04\/Bild_2.jpeg 1148w\" sizes=\"(max-width: 736px) 100vw, 736px\" \/><\/figure>\n\n\n\n<figure class=\"wp-block-image size-large\"><img decoding=\"async\" loading=\"lazy\" width=\"610\" height=\"1024\" data-id=\"544\"  src=\"https:\/\/kks-minden.de\/wp-content\/uploads\/2022\/04\/Bild_1-610x1024.jpeg\" alt=\"\" class=\"wp-image-544\" srcset=\"https:\/\/kks-minden.de\/wp-content\/uploads\/2022\/04\/Bild_1-610x1024.jpeg 610w, https:\/\/kks-minden.de\/wp-content\/uploads\/2022\/04\/Bild_1-179x300.jpeg 179w, https:\/\/kks-minden.de\/wp-content\/uploads\/2022\/04\/Bild_1-768x1290.jpeg 768w, https:\/\/kks-minden.de\/wp-content\/uploads\/2022\/04\/Bild_1-915x1536.jpeg 915w, https:\/\/kks-minden.de\/wp-content\/uploads\/2022\/04\/Bild_1-1219x2048.jpeg 1219w, https:\/\/kks-minden.de\/wp-content\/uploads\/2022\/04\/Bild_1-624x1048.jpeg 624w, https:\/\/kks-minden.de\/wp-content\/uploads\/2022\/04\/Bild_1.jpeg 1457w\" sizes=\"(max-width: 610px) 100vw, 610px\" \/><\/figure>\n\n\n\n<figure class=\"wp-block-image size-large\"><img decoding=\"async\" loading=\"lazy\" width=\"1024\" height=\"881\" data-id=\"542\"  src=\"https:\/\/kks-minden.de\/wp-content\/uploads\/2022\/04\/6a_Paeckchen_Spende_Foto-1024x881.jpg\" alt=\"\" class=\"wp-image-542\" srcset=\"https:\/\/kks-minden.de\/wp-content\/uploads\/2022\/04\/6a_Paeckchen_Spende_Foto-1024x881.jpg 1024w, https:\/\/kks-minden.de\/wp-content\/uploads\/2022\/04\/6a_Paeckchen_Spende_Foto-300x258.jpg 300w, https:\/\/kks-minden.de\/wp-content\/uploads\/2022\/04\/6a_Paeckchen_Spende_Foto-768x661.jpg 768w, https:\/\/kks-minden.de\/wp-content\/uploads\/2022\/04\/6a_Paeckchen_Spende_Foto-1536x1322.jpg 1536w, https:\/\/kks-minden.de\/wp-content\/uploads\/2022\/04\/6a_Paeckchen_Spende_Foto-2048x1762.jpg 2048w, https:\/\/kks-minden.de\/wp-content\/uploads\/2022\/04\/6a_Paeckchen_Spende_Foto-624x537.jpg 624w\" sizes=\"(max-width: 1024px) 100vw, 1024px\" \/><\/figure>\n<\/figure>\n","protected":false},"excerpt":{"rendered":"<p>Sch\u00fclerinnen und Sch\u00fcler des Jahrgangs 6 spendeten Hygieneartikel, Babykleidung und warme Decken f\u00fcr aus der Ukraine gefl\u00fcchtete Menschen. Herr Grabow war so freundlich, die schweren Kisten zur St.- Thomas &#8211; Kirche zu fahren. Von dort startete am 15.3.22 ein Hilfstransport nach Krakau. Alle Sch\u00fclerinnen und Sch\u00fcler hoffen sehr, dass ihre Spenden den Menschen helfen werden!<\/p>\n","protected":false},"author":1,"featured_media":529,"comment_status":"closed","ping_status":"closed","sticky":false,"template":"","format":"standard","meta":{"ngg_post_thumbnail":0},"categories":[1],"tags":[],"jetpack_featured_media_url":"https:\/\/kks-minden.de\/wp-content\/uploads\/2022\/04\/pexels-photo-11284549.jpeg","_links":{"self":[{"href":"https:\/\/kks-minden.de\/index.php?rest_route=\/wp\/v2\/posts\/525"}],"collection":[{"href":"https:\/\/kks-minden.de\/index.php?rest_route=\/wp\/v2\/posts"}],"about":[{"href":"https:\/\/kks-minden.de\/index.php?rest_route=\/wp\/v2\/types\/post"}],"author":[{"embeddable":true,"href":"https:\/\/kks-minden.de\/index.php?rest_route=\/wp\/v2\/users\/1"}],"replies":[{"embeddable":true,"href":"https:\/\/kks-minden.de\/index.php?rest_route=%2Fwp%2Fv2%2Fcomments&post=525"}],"version-history":[{"count":3,"href":"https:\/\/kks-minden.de\/index.php?rest_route=\/wp\/v2\/posts\/525\/revisions"}],"predecessor-version":[{"id":546,"href":"https:\/\/kks-minden.de\/index.php?rest_route=\/wp\/v2\/posts\/525\/revisions\/546"}],"wp:featuredmedia":[{"embeddable":true,"href":"https:\/\/kks-minden.de\/index.php?rest_route=\/wp\/v2\/media\/529"}],"wp:attachment":[{"href":"https:\/\/kks-minden.de\/index.php?rest_route=%2Fwp%2Fv2%2Fmedia&parent=525"}],"wp:term":[{"taxonomy":"category","embeddable":true,"href":"https:\/\/kks-minden.de\/index.php?rest_route=%2Fwp%2Fv2%2Fcategories&post=525"},{"taxonomy":"post_tag","embeddable":true,"href":"https:\/\/kks-minden.de\/index.php?rest_route=%2Fwp%2Fv2%2Ftags&post=525"}],"curies":[{"name":"wp","href":"https:\/\/api.w.org\/{rel}","templated":true}]}}