{"id":368,"date":"2021-08-18T17:44:19","date_gmt":"2021-08-18T15:44:19","guid":{"rendered":"https:\/\/kks-minden.de\/?p=368"},"modified":"2022-01-09T11:21:16","modified_gmt":"2022-01-09T10:21:16","slug":"brief-der-neuen-schulleiterin","status":"publish","type":"post","link":"https:\/\/kks-minden.de\/?p=368","title":{"rendered":"Brief der neuen Schulleiterin"},"content":{"rendered":"\n<p>Als neue Schulleiterin der K\u00e4the-Kollwitz-Realschule seit dem 1. August 2021 m\u00f6chte ich mich Ihnen kurz vorstellen.<\/p>\n\n\n\n<p>Mein Name ist Katja Bensch. Ich lebe mit meiner Familie in Minden und bin seit 25 Jahren im Schuldienst des Landes Nordrhein-Westfalen. In den letzten sieben Jahren konnte ich an verschiedenen Schulen der Sekundarstufe 1 (also 5.-10. Schuljahr) intensive Erfahrungen als Mitglied von Schulleitungsteams sammeln. Im letzten Schuljahr habe ich erfolgreich an der Schulleiter*innenqualifizierung&nbsp; des Landes NRW teilgenommen.<\/p>\n\n\n\n<p><\/p>\n\n\n\n<p>Die Entscheidung, mich an der K\u00e4the-Kollwitz-Realschule zu bewerben, obwohl diese Schule nun ausl\u00e4uft, habe ich bewusst getroffen. Meine in den letzten Jahren erworbenen Kenntnisse \u00fcber Auslaufprozesse an Schulen kann ich hier sicherlich sinnvoll einflie\u00dfen lassen. Grunds\u00e4tzlich bin ich der Meinung, dass eine Schule sich immer weiterentwickeln&nbsp; sollte, egal f\u00fcr welchen Zeitraum.<\/p>\n\n\n\n<p>Trotz des beginnenden Auslaufprozesses der K\u00e4the-Kollwitz-Realschule und der Tatsache, dass uns die Pandemie weiterhin das (Schul-) Leben erschwert, gibt es auch erfreuliche Nachrichten von Seiten der Schule: Neben mir sind drei weitere erfahrene Kolleginnen zur Verst\u00e4rkung&nbsp; ins \u201eTeam K\u00e4the\u201c gekommen, n\u00e4mlich Frau Alterbaum, Frau Frost und Frau Tannh\u00e4user, die bereits im vergangenen Schuljahr f\u00fcr einige Stunden an unsere Schule abgeordnet war.<\/p>\n\n\n\n<p>Durch die verbesserte personelle Situation k\u00f6nnen wir f\u00fcr die Sch\u00fclerinnen und Sch\u00fcler in diesem Schuljahr ein erweitertes Unterrichtsangebot erm\u00f6glichen. Neben einer stabilen unterrichtlichen Grundversorgung wird es Sprachf\u00f6rderunterricht in festen Gruppen, Teamteaching-Stunden (= zwei Lehrer unterrichten gleichzeitig in einer Klasse) und ein breit aufgestelltes Angebot an verpflichtenden Arbeitsgemeinschaften (AGs) f\u00fcr die Jahrg\u00e4nge sieben, neun und zehn geben. Au\u00dferdem erhalten die achten Klassen zwei Wochenstunden Grundbildung Informatik.<\/p>\n\n\n\n<p>Alle Sch\u00fclerinnen und Sch\u00fcler der Jahrg\u00e4nge 7-10 haben somit einmal w\u00f6chentlich die 7. und 8. Stunde Unterricht. Es gibt in der Mittagspause die M\u00f6glichkeit f\u00fcr einen Imbiss vom Kiosk. Genauere Informationen dar\u00fcber werden in K\u00fcrze auf unserer Homepage zu finden sein.<\/p>\n\n\n\n<p>Weitere Projekte sind in Planung!<\/p>\n\n\n\n<p>Ich freue mich auf eine aktive Zusammenarbeit mit Ihren Kindern und Ihnen!<\/p>\n\n\n\n<p>Herzliche Gr\u00fc\u00dfe von<\/p>\n\n\n\n<p>&nbsp;&nbsp;&nbsp;&nbsp;&nbsp;&nbsp;&nbsp;&nbsp;&nbsp;&nbsp;&nbsp;&nbsp;&nbsp;&nbsp;&nbsp;&nbsp;&nbsp;&nbsp;&nbsp;&nbsp;&nbsp;&nbsp;&nbsp;&nbsp;&nbsp;&nbsp;&nbsp;&nbsp;&nbsp;&nbsp;&nbsp;&nbsp;&nbsp;&nbsp;&nbsp;&nbsp;&nbsp;&nbsp;&nbsp;&nbsp;&nbsp;&nbsp;&nbsp;&nbsp;&nbsp; Katja Bensch (Schulleiterin)<\/p>\n","protected":false},"excerpt":{"rendered":"<p>Als neue Schulleiterin der K\u00e4the-Kollwitz-Realschule seit dem 1. August 2021 m\u00f6chte ich mich Ihnen kurz vorstellen. Mein Name ist Katja Bensch. Ich lebe mit meiner Familie in Minden und bin seit 25 Jahren im Schuldienst des Landes Nordrhein-Westfalen. In den letzten sieben Jahren konnte ich an verschiedenen Schulen der Sekundarstufe 1 (also 5.-10. Schuljahr) intensive<span class=\"continue-reading\"> <a href=\"https:\/\/kks-minden.de\/?p=368\">[&#8230;]weiter lesen &raquo;<\/a><\/span><\/p>\n","protected":false},"author":1,"featured_media":371,"comment_status":"closed","ping_status":"closed","sticky":false,"template":"","format":"standard","meta":{"ngg_post_thumbnail":0},"categories":[1],"tags":[],"jetpack_featured_media_url":"https:\/\/kks-minden.de\/wp-content\/uploads\/2021\/08\/pexels-photo-4057663.jpeg","_links":{"self":[{"href":"https:\/\/kks-minden.de\/index.php?rest_route=\/wp\/v2\/posts\/368"}],"collection":[{"href":"https:\/\/kks-minden.de\/index.php?rest_route=\/wp\/v2\/posts"}],"about":[{"href":"https:\/\/kks-minden.de\/index.php?rest_route=\/wp\/v2\/types\/post"}],"author":[{"embeddable":true,"href":"https:\/\/kks-minden.de\/index.php?rest_route=\/wp\/v2\/users\/1"}],"replies":[{"embeddable":true,"href":"https:\/\/kks-minden.de\/index.php?rest_route=%2Fwp%2Fv2%2Fcomments&post=368"}],"version-history":[{"count":4,"href":"https:\/\/kks-minden.de\/index.php?rest_route=\/wp\/v2\/posts\/368\/revisions"}],"predecessor-version":[{"id":467,"href":"https:\/\/kks-minden.de\/index.php?rest_route=\/wp\/v2\/posts\/368\/revisions\/467"}],"wp:featuredmedia":[{"embeddable":true,"href":"https:\/\/kks-minden.de\/index.php?rest_route=\/wp\/v2\/media\/371"}],"wp:attachment":[{"href":"https:\/\/kks-minden.de\/index.php?rest_route=%2Fwp%2Fv2%2Fmedia&parent=368"}],"wp:term":[{"taxonomy":"category","embeddable":true,"href":"https:\/\/kks-minden.de\/index.php?rest_route=%2Fwp%2Fv2%2Fcategories&post=368"},{"taxonomy":"post_tag","embeddable":true,"href":"https:\/\/kks-minden.de\/index.php?rest_route=%2Fwp%2Fv2%2Ftags&post=368"}],"curies":[{"name":"wp","href":"https:\/\/api.w.org\/{rel}","templated":true}]}}