{"id":292,"date":"2021-02-17T14:54:26","date_gmt":"2021-02-17T13:54:26","guid":{"rendered":"https:\/\/kks-minden.de\/?p=292"},"modified":"2021-02-17T15:02:20","modified_gmt":"2021-02-17T14:02:20","slug":"auslaufen-der-kaethe-kollwitz-realschule","status":"publish","type":"post","link":"https:\/\/kks-minden.de\/?p=292","title":{"rendered":"Auslaufen der K\u00e4the-Kollwitz-Realschule"},"content":{"rendered":"\n<p>Sehr geehrte Eltern, liebe Sch\u00fclerinnen und Sch\u00fcler,<\/p>\n\n\n\n<p>das Anmeldeverfahren der neuen Sekundarschule \u201eAm Wiehen\u201c war erfolgreich, so dass sich die K\u00e4the-Kollwitz-Realschule im Auslaufen befindet und wir leider keine neuen Sch\u00fclerinnen und Sch\u00fcler in die Jahrgangsstufe 5 aufnehmen d\u00fcrfen.<\/p>\n\n\n\n<div class=\"wp-block-image\"><figure class=\"aligncenter size-large is-resized\"><img decoding=\"async\" loading=\"lazy\" src=\"https:\/\/kks-minden.de\/wp-content\/uploads\/2020\/08\/k\u00e4the.jpg\" alt=\"\" class=\"wp-image-76\" width=\"408\" height=\"164\" srcset=\"https:\/\/kks-minden.de\/wp-content\/uploads\/2020\/08\/k\u00e4the.jpg 900w, https:\/\/kks-minden.de\/wp-content\/uploads\/2020\/08\/k\u00e4the-300x121.jpg 300w, https:\/\/kks-minden.de\/wp-content\/uploads\/2020\/08\/k\u00e4the-768x309.jpg 768w, https:\/\/kks-minden.de\/wp-content\/uploads\/2020\/08\/k\u00e4the-624x251.jpg 624w\" sizes=\"(max-width: 408px) 100vw, 408px\" \/><figcaption>Die &#8222;K\u00e4the&#8220; ist im Auslaufen. Wir sind weiter f\u00fcr euch da.<\/figcaption><\/figure><\/div>\n\n\n\n<p><strong>F\u00fcr alle Sch\u00fclerinnen und Sch\u00fcler, die im Moment die K\u00e4the-Kollwitz-Realschule besuchen, \u00e4ndert sich nichts!<\/strong><\/p>\n\n\n\n<p><strong>Sie werden bis zum Schluss Sch\u00fclerinnen und Sch\u00fcler unserer K\u00e4the bleiben und ihren Realschulabschluss, wie alle anderen Sch\u00fclerinnen und Sch\u00fcler vor ihnen, hier bei uns erlangen.<\/strong><\/p>\n\n\n\n<p>Wir, dass Kollegium der K\u00e4the, sind weiter f\u00fcr Sie\/Euch da.<\/p>\n\n\n\n<p>Herzliche Gr\u00fc\u00dfe<\/p>\n\n\n\n<p>G. Bednar<\/p>\n","protected":false},"excerpt":{"rendered":"<p>Sehr geehrte Eltern, liebe Sch\u00fclerinnen und Sch\u00fcler, das Anmeldeverfahren der neuen Sekundarschule \u201eAm Wiehen\u201c war erfolgreich, so dass sich die K\u00e4the-Kollwitz-Realschule im Auslaufen befindet und wir leider keine neuen Sch\u00fclerinnen und Sch\u00fcler in die Jahrgangsstufe 5 aufnehmen d\u00fcrfen. F\u00fcr alle Sch\u00fclerinnen und Sch\u00fcler, die im Moment die K\u00e4the-Kollwitz-Realschule besuchen, \u00e4ndert sich nichts! Sie werden bis<span class=\"continue-reading\"> <a href=\"https:\/\/kks-minden.de\/?p=292\">[&#8230;]weiter lesen &raquo;<\/a><\/span><\/p>\n","protected":false},"author":1,"featured_media":0,"comment_status":"closed","ping_status":"closed","sticky":false,"template":"","format":"standard","meta":{"ngg_post_thumbnail":0},"categories":[1],"tags":[],"jetpack_featured_media_url":"","_links":{"self":[{"href":"https:\/\/kks-minden.de\/index.php?rest_route=\/wp\/v2\/posts\/292"}],"collection":[{"href":"https:\/\/kks-minden.de\/index.php?rest_route=\/wp\/v2\/posts"}],"about":[{"href":"https:\/\/kks-minden.de\/index.php?rest_route=\/wp\/v2\/types\/post"}],"author":[{"embeddable":true,"href":"https:\/\/kks-minden.de\/index.php?rest_route=\/wp\/v2\/users\/1"}],"replies":[{"embeddable":true,"href":"https:\/\/kks-minden.de\/index.php?rest_route=%2Fwp%2Fv2%2Fcomments&post=292"}],"version-history":[{"count":1,"href":"https:\/\/kks-minden.de\/index.php?rest_route=\/wp\/v2\/posts\/292\/revisions"}],"predecessor-version":[{"id":293,"href":"https:\/\/kks-minden.de\/index.php?rest_route=\/wp\/v2\/posts\/292\/revisions\/293"}],"wp:attachment":[{"href":"https:\/\/kks-minden.de\/index.php?rest_route=%2Fwp%2Fv2%2Fmedia&parent=292"}],"wp:term":[{"taxonomy":"category","embeddable":true,"href":"https:\/\/kks-minden.de\/index.php?rest_route=%2Fwp%2Fv2%2Fcategories&post=292"},{"taxonomy":"post_tag","embeddable":true,"href":"https:\/\/kks-minden.de\/index.php?rest_route=%2Fwp%2Fv2%2Ftags&post=292"}],"curies":[{"name":"wp","href":"https:\/\/api.w.org\/{rel}","templated":true}]}}