{"id":131,"date":"2020-09-14T14:12:22","date_gmt":"2020-09-14T12:12:22","guid":{"rendered":"https:\/\/kks-minden.de\/?p=131"},"modified":"2020-12-02T12:10:03","modified_gmt":"2020-12-02T11:10:03","slug":"einschulung-etwas-anders","status":"publish","type":"post","link":"https:\/\/kks-minden.de\/?p=131","title":{"rendered":"Einschulung etwas anders"},"content":{"rendered":"\n<p class=\"has-drop-cap\">Das Wetter stimmte, erwartungsvoll schauten die neuen Sch\u00fclerinnen und Sch\u00fcler der K\u00e4the-Kollwitz-Realschule auf die vielen St\u00fchle auf dem Schulhof. Damit auch die Eltern der neuen F\u00fcnftkl\u00e4ssler an diesem besonderen Tag dabei sein konnten, hatte sich das Kollegium \u00fcberlegt, f\u00fcr jeden neuen Sch\u00fcler, jede neue Sch\u00fclerin einen Stuhl mit gen\u00fcgend Abstand auf den Schulhof zu stellen. So standen die Eltern hinter ihrem Spr\u00f6ssling, alle mit Mund-Nasen-Schutz, und gaben ihm R\u00fcckendeckung f\u00fcr den aufregenden Tag.<\/p>\n\n\n\n<div class=\"wp-block-image\"><figure class=\"alignright size-large\"><img decoding=\"async\" loading=\"lazy\" width=\"1024\" height=\"768\" src=\"https:\/\/kks-minden.de\/wp-content\/uploads\/2020\/09\/einschulung2021-1-1024x768.jpg\" alt=\"\" class=\"wp-image-132\" srcset=\"https:\/\/kks-minden.de\/wp-content\/uploads\/2020\/09\/einschulung2021-1-1024x768.jpg 1024w, https:\/\/kks-minden.de\/wp-content\/uploads\/2020\/09\/einschulung2021-1-300x225.jpg 300w, https:\/\/kks-minden.de\/wp-content\/uploads\/2020\/09\/einschulung2021-1-768x576.jpg 768w, https:\/\/kks-minden.de\/wp-content\/uploads\/2020\/09\/einschulung2021-1-1536x1152.jpg 1536w, https:\/\/kks-minden.de\/wp-content\/uploads\/2020\/09\/einschulung2021-1-624x468.jpg 624w, https:\/\/kks-minden.de\/wp-content\/uploads\/2020\/09\/einschulung2021-1.jpg 1600w\" sizes=\"(max-width: 1024px) 100vw, 1024px\" \/><figcaption>Der erste Schultag etwas anders&#8230;<\/figcaption><\/figure><\/div>\n\n\n\n<p>Schon vor den Sommerferien hatten die Neuen der \u201eK\u00e4the\u201c Wunschwolken bemalt und beschriftet. Viele w\u00fcnschten sich nette Lehrerinnen und Lehrer sowie viele gute Freunde, auch ausgegrenzt oder&nbsp; gemobbt werden m\u00f6chte keiner.<\/p>\n\n\n\n<p>All dies k\u00f6nnt ihr erreichen, sagte Gisela Bednar, die kommissarische Leiterin der Realschule, wenn ihr jeden so nehmt, wie er\/sie ist, mit allen unterschiedlichen St\u00e4rken und Schw\u00e4chen, Gedanken und Anregungen. Aus dieser Mischung k\u00f6nne sich eine tolle Klassengemeinschaft ergeben, in der Freundschaften geschlossen werden und alle, Sch\u00fcler wie Lehrer, gerne zusammenarbeiten.<\/p>\n\n\n\n<figure class=\"wp-block-image size-large\"><img decoding=\"async\" loading=\"lazy\" width=\"1024\" height=\"768\" src=\"https:\/\/kks-minden.de\/wp-content\/uploads\/2020\/09\/einschulung2021-3-1024x768.jpg\" alt=\"\" class=\"wp-image-133\" srcset=\"https:\/\/kks-minden.de\/wp-content\/uploads\/2020\/09\/einschulung2021-3-1024x768.jpg 1024w, https:\/\/kks-minden.de\/wp-content\/uploads\/2020\/09\/einschulung2021-3-300x225.jpg 300w, https:\/\/kks-minden.de\/wp-content\/uploads\/2020\/09\/einschulung2021-3-768x576.jpg 768w, https:\/\/kks-minden.de\/wp-content\/uploads\/2020\/09\/einschulung2021-3-1536x1152.jpg 1536w, https:\/\/kks-minden.de\/wp-content\/uploads\/2020\/09\/einschulung2021-3-624x468.jpg 624w, https:\/\/kks-minden.de\/wp-content\/uploads\/2020\/09\/einschulung2021-3.jpg 1600w\" sizes=\"(max-width: 1024px) 100vw, 1024px\" \/><\/figure>\n\n\n\n<p>Nach der kurzen Begr\u00fc\u00dfung lasen die Klassenlehrerinnen, Simone Linnem\u00f6ller als Vertretung f\u00fcr Martin Westendorf (5a), Christina Kittner (5b) und Kirstin Biernath- Kording&nbsp; (5c) die Namen ihrer Sch\u00fcler vor und gemeinsam erlebten sie ihre erste Unterrichtsstunde in der \u201eK\u00e4the\u201c.<\/p>\n\n\n\n<p>Drau\u00dfen warteten die Eltern bei einer kleinen St\u00e4rkung, die der F\u00f6rderverein der Schule spendiert hatte, und in gemeinsame Gespr\u00e4che vertieft, auf ihre Spr\u00f6sslinge.<\/p>\n\n\n\n<p>Als diese lachend und h\u00fcpfend aus der Schule kamen, zeigte sich, dass sie in der \u201eK\u00e4the\u201c angekommen waren und das Schuljahr beginnen kann.<\/p>\n\n\n\n<p>Und begonnen hat es mit einer \u201eUNS\u201c (Unsere neue Schule)- Woche, in der sie ihre Schule&nbsp; und ihre Mitsch\u00fcler*innen kennenlernen.<\/p>\n","protected":false},"excerpt":{"rendered":"<p>Das Wetter stimmte, erwartungsvoll schauten die neuen Sch\u00fclerinnen und Sch\u00fcler der K\u00e4the-Kollwitz-Realschule auf die vielen St\u00fchle auf dem Schulhof. Damit auch die Eltern der neuen F\u00fcnftkl\u00e4ssler an diesem besonderen Tag dabei sein konnten, hatte sich das Kollegium \u00fcberlegt, f\u00fcr jeden neuen Sch\u00fcler, jede neue Sch\u00fclerin einen Stuhl mit gen\u00fcgend Abstand auf den Schulhof zu stellen.<span class=\"continue-reading\"> <a href=\"https:\/\/kks-minden.de\/?p=131\">[&#8230;]weiter lesen &raquo;<\/a><\/span><\/p>\n","protected":false},"author":1,"featured_media":133,"comment_status":"closed","ping_status":"closed","sticky":false,"template":"","format":"standard","meta":{"ngg_post_thumbnail":0},"categories":[1],"tags":[],"jetpack_featured_media_url":"https:\/\/kks-minden.de\/wp-content\/uploads\/2020\/09\/einschulung2021-3.jpg","_links":{"self":[{"href":"https:\/\/kks-minden.de\/index.php?rest_route=\/wp\/v2\/posts\/131"}],"collection":[{"href":"https:\/\/kks-minden.de\/index.php?rest_route=\/wp\/v2\/posts"}],"about":[{"href":"https:\/\/kks-minden.de\/index.php?rest_route=\/wp\/v2\/types\/post"}],"author":[{"embeddable":true,"href":"https:\/\/kks-minden.de\/index.php?rest_route=\/wp\/v2\/users\/1"}],"replies":[{"embeddable":true,"href":"https:\/\/kks-minden.de\/index.php?rest_route=%2Fwp%2Fv2%2Fcomments&post=131"}],"version-history":[{"count":1,"href":"https:\/\/kks-minden.de\/index.php?rest_route=\/wp\/v2\/posts\/131\/revisions"}],"predecessor-version":[{"id":134,"href":"https:\/\/kks-minden.de\/index.php?rest_route=\/wp\/v2\/posts\/131\/revisions\/134"}],"wp:featuredmedia":[{"embeddable":true,"href":"https:\/\/kks-minden.de\/index.php?rest_route=\/wp\/v2\/media\/133"}],"wp:attachment":[{"href":"https:\/\/kks-minden.de\/index.php?rest_route=%2Fwp%2Fv2%2Fmedia&parent=131"}],"wp:term":[{"taxonomy":"category","embeddable":true,"href":"https:\/\/kks-minden.de\/index.php?rest_route=%2Fwp%2Fv2%2Fcategories&post=131"},{"taxonomy":"post_tag","embeddable":true,"href":"https:\/\/kks-minden.de\/index.php?rest_route=%2Fwp%2Fv2%2Ftags&post=131"}],"curies":[{"name":"wp","href":"https:\/\/api.w.org\/{rel}","templated":true}]}}