{"id":128,"date":"2020-09-14T14:07:29","date_gmt":"2020-09-14T12:07:29","guid":{"rendered":"https:\/\/kks-minden.de\/?p=128"},"modified":"2020-12-02T12:10:16","modified_gmt":"2020-12-02T11:10:16","slug":"verabschiedung-von-christa-amshoff","status":"publish","type":"post","link":"https:\/\/kks-minden.de\/?p=128","title":{"rendered":"Verabschiedung von Christa Amshoff"},"content":{"rendered":"\n<p><strong>Die K\u00e4the-Kollwitz-Realschule sagt \u201eTsch\u00fcss\u201c<\/strong><\/p>\n\n\n\n<div class=\"wp-block-image\"><figure class=\"alignright size-large is-resized\"><img decoding=\"async\" loading=\"lazy\" src=\"https:\/\/kks-minden.de\/wp-content\/uploads\/2020\/09\/Der-letzte-Schultag-AM2020-971x1024.jpg\" alt=\"\" class=\"wp-image-129\" width=\"383\" height=\"403\" srcset=\"https:\/\/kks-minden.de\/wp-content\/uploads\/2020\/09\/Der-letzte-Schultag-AM2020-971x1024.jpg 971w, https:\/\/kks-minden.de\/wp-content\/uploads\/2020\/09\/Der-letzte-Schultag-AM2020-285x300.jpg 285w, https:\/\/kks-minden.de\/wp-content\/uploads\/2020\/09\/Der-letzte-Schultag-AM2020-768x810.jpg 768w, https:\/\/kks-minden.de\/wp-content\/uploads\/2020\/09\/Der-letzte-Schultag-AM2020-1457x1536.jpg 1457w, https:\/\/kks-minden.de\/wp-content\/uploads\/2020\/09\/Der-letzte-Schultag-AM2020-1943x2048.jpg 1943w, https:\/\/kks-minden.de\/wp-content\/uploads\/2020\/09\/Der-letzte-Schultag-AM2020-624x658.jpg 624w\" sizes=\"(max-width: 383px) 100vw, 383px\" \/><\/figure><\/div>\n\n\n\n<p class=\"has-drop-cap\">Viele Jahre hat sie das Gesicht \u201eihrer\u201c K\u00e4the gepr\u00e4gt, begonnen als Lehrerin f\u00fcr Mathematik und Chemie wurde sie bald 2. Konrektorin, dann alleinige Konrektorin. Mit diesem Amt oblag es ihr nach dem Ausscheiden von Frau C\u00e4sar-Suttmann im Jahre 2015, die Geschicke der Schule kommissarisch als Schulleitung zu steuern, bis sie im Jahr 2017 offiziell als Schulleitung das Ruder \u00fcbernahm. Das Bild des Schiffes, das durch manche Wetterlagen gesteuert werden musste, nahm sie vielmals zum Anlass, um Kolleg*innen, Sch\u00fcler*innen und Eltern mit ins Boot zu holen, sie zum Zusammenarbeiten zu motivieren. Die Mannschaft der K\u00e4the steuerte in diesen Jahren tats\u00e4chlich durch raue See, mit einer unerm\u00fcdlichen Kapit\u00e4nin an ihrer Spitze. <\/p>\n\n\n\n<p>K\u00e4the Kollwitz, die Namensgeberin unserer Schule sagte einst \u201eIch will wirken in dieser Zeit, [\u2026].\u201c Dies wurde auch zum Motto von Christa Amshoff. Und wie sie gewirkt hat! Doch nun ist ihre Wirkungszeit \u2013 zumindest an der K\u00e4the-Kollwitz-Realschule \u2013 beendet. Zum 01.08.2020 ging sie in den wohlverdienten Ruhestand, wobei diese besagte \u201eRuhe\u201c ihr wohl kaum zuzutrauen ist. Vielen ertr\u00e4umten Hobbys m\u00f6chte sie nun Raum und Zeit schenken. Hierzu geh\u00f6re zum Beispiel das Tanzen, das sie nun ehrenamtlich im Community Dance Projekt mit Sch\u00fclerinnen und Sch\u00fclern ihrer alten Wirkungsst\u00e4tte ausleben m\u00f6chte.<\/p>\n\n\n\n<p>Die Verabschiedung an sich fand unter Covid-19-Bedingungen in kleinem Rahmen in der Aula der Schule statt. Neben Vertretern der Schulgemeinschaft war auch Herr Bondzio von der Bezirksregierung Detmold zugegen, der feierlich die Urkunde an Frau Amshoff \u00fcberreichte. Ein Programm aus Musik und Redebeitr\u00e4gen rundete diesen H\u00f6hepunkt ab.<\/p>\n\n\n\n<p>Sie bef\u00fcrchte, dass sie die K\u00e4the schwer loslassen k\u00f6nne, erz\u00e4hlte sie. Welcher Kapit\u00e4n kann das schon?! St\u00fcck f\u00fcr St\u00fcck, gilt es nun f\u00fcr Frau Amshoff die Ruhe im Ruhestand genie\u00dfen zu lernen. Stehenbleiben wird sie bestimmt nicht. Es gibt noch viel zu entdecken. Die Crew der K\u00e4the w\u00fcnscht ihr dazu alles Gute!<\/p>\n\n\n\n<p>Stefanie Haferstroh, August 2020<\/p>\n","protected":false},"excerpt":{"rendered":"<p>Die K\u00e4the-Kollwitz-Realschule sagt \u201eTsch\u00fcss\u201c Viele Jahre hat sie das Gesicht \u201eihrer\u201c K\u00e4the gepr\u00e4gt, begonnen als Lehrerin f\u00fcr Mathematik und Chemie wurde sie bald 2. Konrektorin, dann alleinige Konrektorin. Mit diesem Amt oblag es ihr nach dem Ausscheiden von Frau C\u00e4sar-Suttmann im Jahre 2015, die Geschicke der Schule kommissarisch als Schulleitung zu steuern, bis sie im<span class=\"continue-reading\"> <a href=\"https:\/\/kks-minden.de\/?p=128\">[&#8230;]weiter lesen &raquo;<\/a><\/span><\/p>\n","protected":false},"author":1,"featured_media":129,"comment_status":"closed","ping_status":"closed","sticky":false,"template":"","format":"standard","meta":{"ngg_post_thumbnail":0},"categories":[1],"tags":[],"jetpack_featured_media_url":"https:\/\/kks-minden.de\/wp-content\/uploads\/2020\/09\/Der-letzte-Schultag-AM2020-scaled.jpg","_links":{"self":[{"href":"https:\/\/kks-minden.de\/index.php?rest_route=\/wp\/v2\/posts\/128"}],"collection":[{"href":"https:\/\/kks-minden.de\/index.php?rest_route=\/wp\/v2\/posts"}],"about":[{"href":"https:\/\/kks-minden.de\/index.php?rest_route=\/wp\/v2\/types\/post"}],"author":[{"embeddable":true,"href":"https:\/\/kks-minden.de\/index.php?rest_route=\/wp\/v2\/users\/1"}],"replies":[{"embeddable":true,"href":"https:\/\/kks-minden.de\/index.php?rest_route=%2Fwp%2Fv2%2Fcomments&post=128"}],"version-history":[{"count":1,"href":"https:\/\/kks-minden.de\/index.php?rest_route=\/wp\/v2\/posts\/128\/revisions"}],"predecessor-version":[{"id":130,"href":"https:\/\/kks-minden.de\/index.php?rest_route=\/wp\/v2\/posts\/128\/revisions\/130"}],"wp:featuredmedia":[{"embeddable":true,"href":"https:\/\/kks-minden.de\/index.php?rest_route=\/wp\/v2\/media\/129"}],"wp:attachment":[{"href":"https:\/\/kks-minden.de\/index.php?rest_route=%2Fwp%2Fv2%2Fmedia&parent=128"}],"wp:term":[{"taxonomy":"category","embeddable":true,"href":"https:\/\/kks-minden.de\/index.php?rest_route=%2Fwp%2Fv2%2Fcategories&post=128"},{"taxonomy":"post_tag","embeddable":true,"href":"https:\/\/kks-minden.de\/index.php?rest_route=%2Fwp%2Fv2%2Ftags&post=128"}],"curies":[{"name":"wp","href":"https:\/\/api.w.org\/{rel}","templated":true}]}}